{"id":6498,"date":"2026-01-03T16:53:29","date_gmt":"2026-01-03T15:53:29","guid":{"rendered":"https:\/\/mnbruchepiemont.org\/?p=6498"},"modified":"2026-01-29T18:58:20","modified_gmt":"2026-01-29T17:58:20","slug":"programme-janvier-2026","status":"publish","type":"post","link":"https:\/\/mnbruchepiemont.org\/?p=6498","title":{"rendered":"Programme janvier et f\u00e9vrier 2026"},"content":{"rendered":"<p><a href=\"https:\/\/mnbruchepiemont.org\/WORDPRESS\/wp-content\/uploads\/Voeux-CINE-MNBP.jpeg\"><img loading=\"lazy\" decoding=\"async\" class=\"size-medium wp-image-6495 aligncenter\" src=\"https:\/\/mnbruchepiemont.org\/WORDPRESS\/wp-content\/uploads\/Voeux-CINE-MNBP-300x212.jpeg\" alt=\"\" width=\"300\" height=\"212\" srcset=\"https:\/\/mnbruchepiemont.org\/WORDPRESS\/wp-content\/uploads\/Voeux-CINE-MNBP-300x212.jpeg 300w, https:\/\/mnbruchepiemont.org\/WORDPRESS\/wp-content\/uploads\/Voeux-CINE-MNBP-425x300.jpeg 425w, https:\/\/mnbruchepiemont.org\/WORDPRESS\/wp-content\/uploads\/Voeux-CINE-MNBP.jpeg 640w\" sizes=\"auto, (max-width: 300px) 100vw, 300px\" \/><\/a><\/p>\n<p>&nbsp;<\/p>\n<p><a href=\"https:\/\/www.helloasso.com\/associations\/maison-de-la-nature-bruche-piemont\/adhesions\/adhesion-en-ligne-2026\" target=\"_blank\" rel=\"noopener\">Adh\u00e9sion en ligne pour 2026<\/a><\/p>\n<ul>\n<li><strong><b>Cin\u00e9 d\u00e9bat &#8220;Le chant des for\u00eats&#8221; &#8211; Samedi 10 <\/b> janvier 2026<\/strong><\/li>\n<\/ul>\n<p><span style=\"font-size: small;\">Nous vous invitons \u00e0 d\u00e9couvrir le dernier film de Vincent MUNIER &#8220;le chant des for\u00eats&#8221; <\/span><span style=\"font-size: small;\">\u00e0 l&#8217;occasion d&#8217;un cin\u00e9 d\u00e9bat le\u00a0<span id=\"OBJ_PREFIX_DWT75_com_zimbra_date\" class=\"Object\" role=\"link\">samedi 10 janvier 26<\/span>\u00a0\u00e0 20h au cin\u00e9ma Rohan de Mutzig.\u00a0<\/span><span style=\"font-size: small;\">Le d\u00e9bat portera sur la vie sauvage dans les for\u00eats vosgiennes et sera anim\u00e9 par Christophe Klein (Vid\u00e9aste animalier) et C\u00e9dric Ficht (directeur de l&#8217;ONF de Schirmeck).<\/span><\/p>\n<p><span style=\"font-size: small;\">Pour information, une autre projection de ce film aura lieu le\u00a0<span id=\"OBJ_PREFIX_DWT76_com_zimbra_date\" class=\"Object\" role=\"link\">samedi<\/span>\u00a021 f\u00e9vrier \u00e0 20h30 au cin\u00e9ma Royal de Rothau, elle sera suivie d&#8217;un d\u00e9bat en pr\u00e9sence du r\u00e9alisateur. (voir affiche)<\/span><\/p>\n<p>&nbsp;<\/p>\n<ul>\n<li><strong>Croquons la Nature &#8220;Hiver&#8221; &#8211; Samedi 17 janvier 2026<\/strong><\/li>\n<\/ul>\n<p><a href=\"https:\/\/mnbruchepiemont.org\/WORDPRESS\/?event=croquons-la-nature-hiver-samedi-6-decembre-2025\" target=\"_blank\" rel=\"noopener\">Croquons la nature !\u00a0 HIVER :\u00a0<strong>Samedi 17 janvier 2026<\/strong><\/a><\/p>\n<p><i>&#8220;Apr\u00e8s les f\u00eates de fin d\u2019ann\u00e9e, nous vous proposons de nous r\u00e9unir autour du Sapin&#8230; pour le d\u00e9guster ! Apprenons \u00e0 reconna\u00eetre les conif\u00e8res de nos for\u00eats pour les utiliser en cuisine dans de surprenantes et d\u00e9licieuses recettes \u00e0 base de pignons de pin, cendre de sapin, vinaigre de sapin, baies de gen\u00e9vrier&#8230; et pour pr\u00e9parer des boissons tr\u00e8s r\u00e9confortantes. Les Conif\u00e8res sont aussi des alli\u00e9s pour les maux de l&#8217;hiver. Que vous soyez nouveaux ou fid\u00e8les, nous vous attendons pour cl\u00f4turer notre cycle et f\u00eater la nouvelle ann\u00e9e.&#8221;<\/i><\/p>\n<a href=\"https:\/\/mnbruchepiemont.org\/WORDPRESS\/wp-content\/uploads\/CLN_Flyer_HiverA4.pdf\" class=\"pdfemb-viewer\" style=\"\" data-width=\"max\" data-height=\"max\" data-toolbar=\"bottom\" data-toolbar-fixed=\"on\">CLN_Flyer_HiverA4<\/a>\n<p>&nbsp;<\/p>\n<ul>\n<li><strong><b>D\u00e9couverte des oiseaux d&#8217;eaux hivernant<br \/>\n\u00e0 l&#8217;\u00e9tang de LINDRE (57) &#8211;<\/b>\u00a0Dimanche 25 janvier 2026<\/strong><\/li>\n<\/ul>\n<p>L&#8217;\u00e9tang de Lindre se situe dans le pays des \u00e9tangs de Lorraine, \u00e0 l&#8217;ouest de Sarrebourg. C&#8217;est un \u00e9cosyst\u00e8me riche en vasi\u00e8res et roseli\u00e8res qui accueille une biodiversit\u00e9 exceptionnelle, en particulier les oiseaux d&#8217;eau hivernants. Nous d\u00e9jeunerons au sympathique bistrot des oiseaux \u00e0 Tarquimpol avant de rejoindre un autre site d&#8217;observation \u00e0\u00a0 Lindre Basse. Info, inscription et r\u00e9servation des repas\u00a0<span id=\"OBJ_PREFIX_DWT78_com_zimbra_url\" class=\"Object\" role=\"link\"><a href=\"https:\/\/www.helloasso.com\/associations\/maison-de-la-nature-bruche-piemont\/evenements\/les-oiseaux-d-eau-a-l-etang-de-lindre\" target=\"_blank\" rel=\"nofollow noopener noreferrer\">ICI<\/a><\/span><\/p>\n<ul>\n<li><strong>Sur les traces du Castor &#8211; Mercredi 4 f\u00e9vrier 2026<br \/>\n[COMPLET]<br \/>\n<\/strong><\/li>\n<\/ul>\n<p><a href=\"https:\/\/www.bassinversant-bruchemossig.fr\/2025\/12\/19\/en-fevrier-decouvrons-les-zones-humides\/\">En f\u00e9vrier, d\u00e9couvrons les zones humides|Syndicat mixte Bassin Bruche Mossig<\/a><\/p>\n<ul>\n<li><b>Sortie en altitude, \u00e0 la recherche de la vie animale &#8211; <\/b><span id=\"OBJ_PREFIX_DWT392_com_zimbra_date\" class=\"Object\" role=\"link\"><span id=\"OBJ_PREFIX_DWT436_com_zimbra_date\" class=\"Object\" role=\"link\">dimanche<\/span><\/span>\u00a07 f\u00e9vrier 8h45- 12h30, rdv Muckenbach (Grendelbruch), renseignement et inscription\u00a0<span class=\"Object\" role=\"link\"><span class=\"Object\" role=\"link\"><span class=\"Object\" role=\"link\"><a href=\"https:\/\/www.helloasso.com\/associations\/maison-de-la-nature-bruche-piemont\/evenements\/sortie-en-foret-d-altitude-a-la-recherche-de-vie-animale\" target=\"_blank\" rel=\"nofollow noopener noreferrer\">ICI<\/a><\/span><\/span><\/span><\/li>\n<\/ul>\n<ul>\n<li><strong>Restauration de zones humides &#8211; Samedi 7 f\u00e9vrier 2026 [COMPLET]<\/strong><\/li>\n<\/ul>\n<p><a href=\"https:\/\/www.bassinversant-bruchemossig.fr\/2025\/12\/19\/en-fevrier-decouvrons-les-zones-humides\/\">En f\u00e9vrier, d\u00e9couvrons les zones humides|Syndicat mixte Bassin Bruche Mossig<\/a><\/p>\n<ul>\n<li><strong>Le Muhlbach et ses zones humides &#8211; Mercredi 11 f\u00e9vrier 2026<\/strong><\/li>\n<\/ul>\n<p><a href=\"https:\/\/www.bassinversant-bruchemossig.fr\/2025\/12\/19\/en-fevrier-decouvrons-les-zones-humides\/\">En f\u00e9vrier, d\u00e9couvrons les zones humides|Syndicat mixte Bassin Bruche Mossig<\/a><\/p>\n<ul>\n<li><strong><b>La Bruche \u00e0 v\u00e9lo &#8211;\u00a0<span id=\"OBJ_PREFIX_DWT79_com_zimbra_date\" class=\"Object\" role=\"link\">samedi<\/span> 14 f\u00e9vrier 2026 &#8211; 9h-12h<\/b><\/strong><\/li>\n<\/ul>\n<p>Partez \u00e0 v\u00e9lo \u00e0 la d\u00e9couverte des petits secrets de la Bruche entre Mutzig et Wolxheim. Des pauses seront propos\u00e9es pour investir cette belle rivi\u00e8re parfois sauvage, parfois dompt\u00e9e et am\u00e9nag\u00e9e pour son \u00e9nergie, son eau ou pour se prot\u00e9ger de ses col\u00e8res (&#8230; ses crues !).<\/p>\n<p>Une belle occasion de mieux conna\u00eetre cette rivi\u00e8re, comprendre son histoire\u2026 et peut-\u00eatre m\u00eame apprendre \u00e0 l\u2019aimer pr\u00e8s de son lit en ce week-end de Saint-Valentin&#8230; D\u00e9tails et inscription <span id=\"OBJ_PREFIX_DWT80_com_zimbra_url\" class=\"Object\" role=\"link\"><a href=\"https:\/\/www.helloasso.com\/associations\/maison-de-la-nature-bruche-piemont\/evenements\/la-bruche-a-velo\" target=\"_blank\" rel=\"nofollow noopener noreferrer\">ICI<\/a><\/span><\/p>\n<ul>\n<li><strong><b><span id=\"OBJ_PREFIX_DWT79_com_zimbra_date\" class=\"Object\" role=\"link\">La tourbi\u00e8re, un h\u00e9ritage naturel &#8211; mercredi<\/span> 18 f\u00e9vrier 2026 [COMPLET]<\/b><\/strong><\/li>\n<\/ul>\n<p>D\u00e9couvrez la nature ancestrale et fragile de la r\u00e9serve biologique du Champ du Feu. Il s&#8217;y cache un tr\u00e9sor exceptionnel et inconnu sous les pieds des promeneurs, une tourbi\u00e8re bomb\u00e9e compos\u00e9e d&#8217;un milieu rare et menac\u00e9. Vous en profiterez pour explorer la faune et la flore locales et typiques du milieu montagne accompagn\u00e9s d&#8217;un guide professionnel.\u00a0Promenade guid\u00e9e par un professionnel de la Maison de la Nature Bruche Pi\u00e9mont \u00e0 destination du grand public. Renseignements et inscription\u00a0<span id=\"OBJ_PREFIX_DWT83_com_zimbra_url\" class=\"Object\" role=\"link\"><a href=\"https:\/\/www.helloasso.com\/associations\/maison-de-la-nature-bruche-piemont\/evenements\/la-tourbiere-un-heritage-naturel\" target=\"_blank\" rel=\"nofollow noopener noreferrer\">ICI<\/a><\/span><\/p>\n<ul>\n<li><strong>Entre for\u00eat et vallon humide \u2013 Samedi 21 f\u00e9vrier \u00e0 14h, \u00e0 Rosenwiller<b> [COMPLET]<\/b><\/strong><\/li>\n<\/ul>\n<p><a href=\"https:\/\/mnbruchepiemont.org\/WORDPRESS\/?event=promenade-hivernale-en-foret-dans-une-zone-humide-protegee\" target=\"_blank\" rel=\"noopener\">Lien<\/a><\/p>\n<ul>\n<li><strong>Qu&#8217;est-ce qui se trame dans une mare \u2013 Mercredi 25 f\u00e9vrier \u00e0 14h, \u00e0 Saulxures<b>\u00a0<\/b><\/strong><\/li>\n<\/ul>\n<p><a href=\"https:\/\/www.sortiesnature.org\/evenement\/show\/2335\/\">Lien vers l\u2019inscription<\/a><\/p>\n<p>&nbsp;<\/p>\n<p>Attention: le programme et donc le Flyer ci-dessous ont chang\u00e8 par rapport \u00e0 la parution initiale du 3 janvier.<\/p>\n<a href=\"https:\/\/mnbruchepiemont.org\/WORDPRESS\/wp-content\/uploads\/ZH2026_flyer.pdf\" class=\"pdfemb-viewer\" style=\"\" data-width=\"max\" data-height=\"max\" data-toolbar=\"bottom\" data-toolbar-fixed=\"on\">ZH2026_flyer<\/a>\n<p>&nbsp;<\/p>\n<p>&#8230;<\/p>\n<p>&nbsp;<\/p>\n<p>&nbsp;<\/p>\n<p>&nbsp;<\/p>\n","protected":false},"excerpt":{"rendered":"<p>&nbsp; Adh\u00e9sion en ligne pour 2026 Cin\u00e9 d\u00e9bat &#8220;Le chant des for\u00eats&#8221; &#8211; Samedi 10 janvier 2026 Nous vous invitons \u00e0 d\u00e9couvrir le dernier film de Vincent MUNIER &#8220;le chant des for\u00eats&#8221; \u00e0 l&#8217;occasion d&#8217;un cin\u00e9 d\u00e9bat le\u00a0samedi 10 janvier &hellip; <a href=\"https:\/\/mnbruchepiemont.org\/?p=6498\">Continuer la lecture <span class=\"meta-nav\">&rarr;<\/span><\/a><\/p>\n","protected":false},"author":8,"featured_media":0,"comment_status":"closed","ping_status":"closed","sticky":false,"template":"","format":"standard","meta":{"footnotes":""},"categories":[25],"tags":[],"class_list":["post-6498","post","type-post","status-publish","format-standard","hentry","category-les-activites"],"_links":{"self":[{"href":"https:\/\/mnbruchepiemont.org\/index.php?rest_route=\/wp\/v2\/posts\/6498","targetHints":{"allow":["GET"]}}],"collection":[{"href":"https:\/\/mnbruchepiemont.org\/index.php?rest_route=\/wp\/v2\/posts"}],"about":[{"href":"https:\/\/mnbruchepiemont.org\/index.php?rest_route=\/wp\/v2\/types\/post"}],"author":[{"embeddable":true,"href":"https:\/\/mnbruchepiemont.org\/index.php?rest_route=\/wp\/v2\/users\/8"}],"replies":[{"embeddable":true,"href":"https:\/\/mnbruchepiemont.org\/index.php?rest_route=%2Fwp%2Fv2%2Fcomments&post=6498"}],"version-history":[{"count":23,"href":"https:\/\/mnbruchepiemont.org\/index.php?rest_route=\/wp\/v2\/posts\/6498\/revisions"}],"predecessor-version":[{"id":6544,"href":"https:\/\/mnbruchepiemont.org\/index.php?rest_route=\/wp\/v2\/posts\/6498\/revisions\/6544"}],"wp:attachment":[{"href":"https:\/\/mnbruchepiemont.org\/index.php?rest_route=%2Fwp%2Fv2%2Fmedia&parent=6498"}],"wp:term":[{"taxonomy":"category","embeddable":true,"href":"https:\/\/mnbruchepiemont.org\/index.php?rest_route=%2Fwp%2Fv2%2Fcategories&post=6498"},{"taxonomy":"post_tag","embeddable":true,"href":"https:\/\/mnbruchepiemont.org\/index.php?rest_route=%2Fwp%2Fv2%2Ftags&post=6498"}],"curies":[{"name":"wp","href":"https:\/\/api.w.org\/{rel}","templated":true}]}}