{"id":6251,"date":"2025-07-18T11:33:18","date_gmt":"2025-07-18T09:33:18","guid":{"rendered":"https:\/\/mnbruchepiemont.org\/?p=6251"},"modified":"2025-08-27T22:40:14","modified_gmt":"2025-08-27T20:40:14","slug":"evenements-daout-et-nouveau-programme-scolaire-2025-2026","status":"publish","type":"post","link":"https:\/\/mnbruchepiemont.org\/?p=6251","title":{"rendered":"Animations d&#8217;ao\u00fbt 2025"},"content":{"rendered":"<ul>\n<li><strong>Lien offre d&#8217;emploi d&#8217;emploi<\/strong><\/li>\n<\/ul>\n<p><a href=\"https:\/\/mnbruchepiemont.org\/WORDPRESS\/?page_id=6148\" target=\"_blank\" rel=\"noopener\">Recherche Volontaire Service Civique voir les annonces avec ce lien<\/a><\/p>\n<ul>\n<li><strong>Lien adh\u00e9sion<\/strong><\/li>\n<\/ul>\n<p><a href=\"https:\/\/www.helloasso.com\/associations\/maison-de-la-nature-bruche-piemont\/adhesions\/adhesion-en-ligne-2025\" target=\"_blank\" rel=\"noopener\">Adh\u00e9sion MNBP en ligne 2025<\/a><\/p>\n<ul>\n<li><strong>Lien programme loisir<\/strong><\/li>\n<\/ul>\n<p><a href=\"https:\/\/mnbruchepiemont.org\/WORDPRESS\/?page_id=1261\" target=\"_blank\" rel=\"noopener\">Programme de nos clubs et s\u00e9jours 2025<\/a><\/p>\n<ul>\n<li><strong>Lien programme scolaires\u00a0<\/strong><\/li>\n<\/ul>\n<p><a href=\"https:\/\/mnbruchepiemont.org\/WORDPRESS\/wp-content\/uploads\/PLAQUETTE-SCOLAIRE-2025-26.pdf\">Programme de nos animations et projets scolaires pour l&#8217;ann\u00e9e 2025-2026\u00a0<\/a><\/p>\n<p>Il y a dans le Menu un onglet \u201cCalendrier des \u00c9v\u00e8nements en 2025\u201d dans lequel vous trouverez l\u2019agenda des animations qui est renseign\u00e9 au fur et \u00e0 mesure.<\/p>\n<ul>\n<li><strong>24 au 25 juillet<\/strong><\/li>\n<\/ul>\n<p><a href=\"https:\/\/mnbruchepiemont.org\/WORDPRESS\/?event=mini-camp-a-obernai-6-9-ans\" target=\"_blank\" rel=\"noopener\">Mini camp \u00e0 Obernai \u2013 6\/9 ans | Maison de la Nature Bruche Pi\u00e9mont<\/a><\/p>\n<ul>\n<li><strong>13 ao\u00fbt<\/strong><\/li>\n<\/ul>\n<p><a href=\"https:\/\/mnbruchepiemont.org\/WORDPRESS\/?event=decouverte-des-animaux-ailes-du-scharrachberg\" target=\"_blank\" rel=\"noopener\">D\u00e9couverte des animaux ail\u00e9s du Scharrachberg | Maison de la Nature Bruche Pi\u00e9mont<\/a><\/p>\n<ul>\n<li><strong>18 ao\u00fbt<\/strong><\/li>\n<\/ul>\n<p><a href=\"https:\/\/mnbruchepiemont.org\/WORDPRESS\/?event=decouverte-des-plantes-sauvages-du-goeftberg\" target=\"_blank\" rel=\"noopener\">D\u00e9couverte des plantes sauvages du Goeftberg | Maison de la Nature Bruche Pi\u00e9mont<\/a><\/p>\n<ul>\n<li><strong>18 au 22 ao\u00fbt<\/strong><\/li>\n<\/ul>\n<p><a href=\"https:\/\/mnbruchepiemont.org\/WORDPRESS\/?event=sejour-les-aventuriers-au-camping-a-grendelbruch-8-12-ans\" target=\"_blank\" rel=\"noopener\">S\u00e9jour \u2013 Les aventuriers au camping \u00e0 Grendelbruch \u2013 8\/12 ans | Maison de la Nature Bruche Pi\u00e9mont<\/a><\/p>\n<ul>\n<li><strong>24 ao\u00fbt<\/strong><\/li>\n<\/ul>\n<p><a href=\"https:\/\/mnbruchepiemont.org\/WORDPRESS\/?event=jardins-ouverts\" target=\"_blank\" rel=\"noopener\">Jardins ouverts | Maison de la Nature Bruche Pi\u00e9mont<\/a><\/p>\n<a href=\"https:\/\/mnbruchepiemont.org\/WORDPRESS\/wp-content\/uploads\/liste-des-jardins-ouverts-25.pdf\" class=\"pdfemb-viewer\" style=\"\" data-width=\"max\" data-height=\"max\" data-toolbar=\"bottom\" data-toolbar-fixed=\"on\">liste des jardins ouverts 25<\/a>\n<ul>\n<li><strong>25 au 29 ao\u00fbt<\/strong><\/li>\n<\/ul>\n<p><a href=\"https:\/\/mnbruchepiemont.org\/WORDPRESS\/?event=clubs-nature-a-oberhaslach-6-8-ans-2\" target=\"_blank\" rel=\"noopener\">Club nature \u00e0 Oberhaslach \u2013 6\/8 ans | Maison de la Nature Bruche Pi\u00e9mont<\/a><\/p>\n<ul>\n<li><strong>25 au 29 ao\u00fbt<\/strong><\/li>\n<\/ul>\n<p><a href=\"https:\/\/mnbruchepiemont.org\/WORDPRESS\/?event=clubs-nature-a-oberhaslach-9-12-ans\" target=\"_blank\" rel=\"noopener\">Club nature \u00e0 Oberhaslach \u2013 9\/12 ans | Maison de la Nature Bruche Pi\u00e9mont<\/a><\/p>\n<ul>\n<li><strong>29 ao\u00fbt\u00a0<\/strong><\/li>\n<\/ul>\n<p><a href=\"https:\/\/mnbruchepiemont.org\/WORDPRESS\/wp-admin\/post.php?post=6238&amp;action=edit\">Affut d\u2019observation des animaux \u2013 Oberhaslach\u00a0<\/a><\/p>\n<ul>\n<li><strong>20 septembre\u00a0<\/strong><\/li>\n<\/ul>\n<p><a href=\"https:\/\/mnbruchepiemont.org\/WORDPRESS\/?event=la-nature-du-canal-au-fil-de-lhistoire\" target=\"_blank\" rel=\"noopener\">La nature du canal au fil de l&#8217;histoire<\/a><\/p>\n<ul>\n<li><strong>28 septembre\u00a0<\/strong><\/li>\n<\/ul>\n<p><a href=\"https:\/\/mnbruchepiemont.org\/WORDPRESS\/?event=fete-des-vergers\" target=\"_blank\" rel=\"noopener\">F\u00eate des Vergers<\/a><\/p>\n<ul>\n<li><strong>Samedi 4 octobre<\/strong><\/li>\n<\/ul>\n<p><a href=\"https:\/\/mnbruchepiemont.org\/WORDPRESS\/?event=croquons-la-nature-automne-samedi-4-octobre-2025\" target=\"_blank\" rel=\"noopener\">Croquons la nature !\u00a0 AUTOMNE :\u00a0<strong>Samedi 4 octobre 2025<\/strong><\/a><\/p>\n<ul>\n<li><strong>Samedi 6 d\u00e9cembre<\/strong><\/li>\n<\/ul>\n<p><a href=\"https:\/\/mnbruchepiemont.org\/WORDPRESS\/?event=croquons-la-nature-hiver-samedi-6-decembre-2025\" target=\"_blank\" rel=\"noopener\">Croquons la nature !\u00a0 HIVER :\u00a0<strong>Samedi 6 d\u00e9cembre 2025<\/strong><\/a><\/p>\n","protected":false},"excerpt":{"rendered":"<p>Lien offre d&#8217;emploi d&#8217;emploi Recherche Volontaire Service Civique voir les annonces avec ce lien Lien adh\u00e9sion Adh\u00e9sion MNBP en ligne 2025 Lien programme loisir Programme de nos clubs et s\u00e9jours 2025 Lien programme scolaires\u00a0 Programme de nos animations et projets &hellip; <a href=\"https:\/\/mnbruchepiemont.org\/?p=6251\">Continuer la lecture <span class=\"meta-nav\">&rarr;<\/span><\/a><\/p>\n","protected":false},"author":15,"featured_media":0,"comment_status":"closed","ping_status":"closed","sticky":false,"template":"","format":"standard","meta":{"footnotes":""},"categories":[25],"tags":[],"class_list":["post-6251","post","type-post","status-publish","format-standard","hentry","category-les-activites"],"_links":{"self":[{"href":"https:\/\/mnbruchepiemont.org\/index.php?rest_route=\/wp\/v2\/posts\/6251","targetHints":{"allow":["GET"]}}],"collection":[{"href":"https:\/\/mnbruchepiemont.org\/index.php?rest_route=\/wp\/v2\/posts"}],"about":[{"href":"https:\/\/mnbruchepiemont.org\/index.php?rest_route=\/wp\/v2\/types\/post"}],"author":[{"embeddable":true,"href":"https:\/\/mnbruchepiemont.org\/index.php?rest_route=\/wp\/v2\/users\/15"}],"replies":[{"embeddable":true,"href":"https:\/\/mnbruchepiemont.org\/index.php?rest_route=%2Fwp%2Fv2%2Fcomments&post=6251"}],"version-history":[{"count":12,"href":"https:\/\/mnbruchepiemont.org\/index.php?rest_route=\/wp\/v2\/posts\/6251\/revisions"}],"predecessor-version":[{"id":6308,"href":"https:\/\/mnbruchepiemont.org\/index.php?rest_route=\/wp\/v2\/posts\/6251\/revisions\/6308"}],"wp:attachment":[{"href":"https:\/\/mnbruchepiemont.org\/index.php?rest_route=%2Fwp%2Fv2%2Fmedia&parent=6251"}],"wp:term":[{"taxonomy":"category","embeddable":true,"href":"https:\/\/mnbruchepiemont.org\/index.php?rest_route=%2Fwp%2Fv2%2Fcategories&post=6251"},{"taxonomy":"post_tag","embeddable":true,"href":"https:\/\/mnbruchepiemont.org\/index.php?rest_route=%2Fwp%2Fv2%2Ftags&post=6251"}],"curies":[{"name":"wp","href":"https:\/\/api.w.org\/{rel}","templated":true}]}}