{"id":6169,"date":"2025-04-23T17:51:22","date_gmt":"2025-04-23T15:51:22","guid":{"rendered":"https:\/\/mnbruchepiemont.org\/?p=6169"},"modified":"2025-07-15T19:53:02","modified_gmt":"2025-07-15T17:53:02","slug":"avril-a-aout-2025","status":"publish","type":"post","link":"https:\/\/mnbruchepiemont.org\/?p=6169","title":{"rendered":"Animations de Avril \u00e0 ao\u00fbt 2025"},"content":{"rendered":"<ul>\n<li><strong>Lien offre d&#8217;emploi d&#8217;emploi<\/strong><\/li>\n<\/ul>\n<p><a href=\"https:\/\/mnbruchepiemont.org\/WORDPRESS\/?page_id=6148\" target=\"_blank\" rel=\"noopener\">Recherche Animateur\/Animatrice et Volontaire Service Civique voir les annonces avec ce lien<\/a><\/p>\n<ul>\n<li><strong>Lien adh\u00e9sion<\/strong><\/li>\n<\/ul>\n<p><a href=\"https:\/\/www.helloasso.com\/associations\/maison-de-la-nature-bruche-piemont\/adhesions\/adhesion-en-ligne-2025\" target=\"_blank\" rel=\"noopener\">Adh\u00e9sion MNBP en ligne 2025<\/a><\/p>\n<ul>\n<li><strong>Lien programme loisir<\/strong><\/li>\n<\/ul>\n<p><a href=\"https:\/\/mnbruchepiemont.org\/WORDPRESS\/wp-content\/uploads\/ProgrammeLOISIRS_jeunesse_MNBP_2025.pdf\" target=\"_blank\" rel=\"noopener\">Programme 2025<\/a><\/p>\n<p>Il y a dans le Menu un onglet \u201cCalendrier des \u00c9v\u00e8nements en 2025\u201d dans lequel vous trouverez l\u2019agenda des animations qui est renseign\u00e9 au fur et \u00e0 mesure.<\/p>\n<ul>\n<li><strong>Jeudi 1 mai\u00a0<\/strong><\/li>\n<\/ul>\n<p><a href=\"https:\/\/mnbruchepiemont.org\/WORDPRESS\/?event=ouverture-du-sentier-pieds-nus-senshasel\" target=\"_blank\" rel=\"noopener\">Ouverture du sentier pieds nus Sens\u2019Hasel | Maison de la Nature Bruche Pi\u00e9mont<\/a><\/p>\n<ul>\n<li><strong>Samedi 24 mai<\/strong><\/li>\n<\/ul>\n<p><a href=\"https:\/\/mnbruchepiemont.org\/WORDPRESS\/?event=canal-en-fete-a-avolsheim-wolxheim\" target=\"_blank\" rel=\"noopener\">Canal en f\u00eate \u00e0 Avolsheim\/Wolxheim | Maison de la Nature Bruche Pi\u00e9mont<\/a><\/p>\n<ul>\n<li><strong>Samedi 31 mai\u00a0<\/strong><\/li>\n<\/ul>\n<p><strong><em>\u00e7a butine dans les vignes<br \/>\n<\/em><\/strong><i><b>pour comprendre le r\u00f4le vital des insectes pollinisateurs<\/b><\/i><\/p>\n<p><a href=\"https:\/\/mnbruchepiemont.org\/WORDPRESS\/?event=balade-eclairante-au-coeur-des-vignes-sauvages-du-domaine-lissner-pour-comprendre-le-role-vital-des-insectes-pollinisateurs\" target=\"_blank\" rel=\"noopener\">Balade \u00e9clairante au c\u0153ur des vignes sauvages du domaine Lissner pour comprendre le r\u00f4le vital des insectes pollinisateurs | Maison de la Nature Bruche Pi\u00e9mont<\/a><\/p>\n<ul>\n<li><strong>Samedi 7 Juin<\/strong><\/li>\n<\/ul>\n<p><a href=\"https:\/\/mnbruchepiemont.org\/WORDPRESS\/?event=le-printemps-du-canal-de-lehn-a-boersch\" target=\"_blank\" rel=\"noopener\">Le printemps du Canal de l\u2019Ehn \u00e0 Boersch | Maison de la Nature Bruche Pi\u00e9mont<\/a><\/p>\n<ul>\n<li><strong>Dimanche 22 juin<\/strong><\/li>\n<\/ul>\n<p><a href=\"https:\/\/mnbruchepiemont.org\/WORDPRESS\/?event=rando-yoga-nature\" target=\"_blank\" rel=\"noopener\">Rando yoga nature po\u00e9tique | Maison de la Nature Bruche Pi\u00e9mont<\/a><\/p>\n<p>&nbsp;<\/p>\n<ul>\n<li><strong>Samedi 5 juillet<\/strong><\/li>\n<\/ul>\n<p style=\"font-weight: 400;\"><a href=\"https:\/\/mnbruchepiemont.org\/WORDPRESS\/?event=croquons-la-nature-ete-samedi-5-juillet-2025\" target=\"_blank\" rel=\"noopener\">Croquons la nature !\u00a0 \u00c9T\u00c9 :\u00a0<strong>Samedi 5 juillet 2025<\/strong><\/a><\/p>\n<ul>\n<li><strong>7 au 11 juillet<\/strong><\/li>\n<\/ul>\n<p><a href=\"https:\/\/mnbruchepiemont.org\/WORDPRESS\/?event=club-nature-a-tire-dailes-9-12-ans\" target=\"_blank\" rel=\"noopener\">Club nature \u2013 A tire-d\u2019ailes \u2013 9\/12 ans | Maison de la Nature Bruche Pi\u00e9mont<\/a><\/p>\n<ul>\n<li><strong>7 au 11 juillet<\/strong><\/li>\n<\/ul>\n<p><a href=\"https:\/\/mnbruchepiemont.org\/WORDPRESS\/?event=clubs-nature-a-oberhaslach-6-8-ans\" target=\"_blank\" rel=\"noopener\">Club nature \u2013 Marins d\u2019eau douce \u2013 6\/8 ans | Maison de la Nature Bruche Pi\u00e9mont<\/a><\/p>\n<ul>\n<li><strong>17 au 18 juillet<\/strong><\/li>\n<\/ul>\n<p><a href=\"https:\/\/mnbruchepiemont.org\/WORDPRESS\/?event=club-nature-la-foret-des-mille-feuilles-7-12-ans\" target=\"_blank\" rel=\"noopener\">Club nature \u2013 La for\u00eat des mille feuilles \u2013 7\/12 ans | Maison de la Nature Bruche Pi\u00e9mont<\/a><\/p>\n<ul>\n<li><strong>17 au 18 juillet<\/strong><\/li>\n<\/ul>\n<p><a href=\"https:\/\/mnbruchepiemont.org\/WORDPRESS\/?event=clubs-nature-les-pattes-patouilles-2-jours-3-6-ans\" target=\"_blank\" rel=\"noopener\">Club Nature \u2013 Les Pattes Patouilles \u2013 2 jours \u2013 3\/6 ans | Maison de la Nature Bruche Pi\u00e9mont<\/a><\/p>\n<ul>\n<li><strong>24 au 25 juillet<\/strong><\/li>\n<\/ul>\n<p><a href=\"https:\/\/mnbruchepiemont.org\/WORDPRESS\/?event=mini-camp-a-obernai-6-9-ans\" target=\"_blank\" rel=\"noopener\">Mini camp \u00e0 Obernai \u2013 6\/9 ans | Maison de la Nature Bruche Pi\u00e9mont<\/a><\/p>\n<ul>\n<li><strong>13 ao\u00fbt<\/strong><\/li>\n<\/ul>\n<p><a href=\"https:\/\/mnbruchepiemont.org\/WORDPRESS\/?event=decouverte-des-animaux-ailes-du-scharrachberg\" target=\"_blank\" rel=\"noopener\">D\u00e9couverte des animaux ail\u00e9s du Scharrachberg | Maison de la Nature Bruche Pi\u00e9mont<\/a><\/p>\n<ul>\n<li><strong>18 ao\u00fbt<\/strong><\/li>\n<\/ul>\n<p><a href=\"https:\/\/mnbruchepiemont.org\/WORDPRESS\/?event=decouverte-des-plantes-sauvages-du-goeftberg\" target=\"_blank\" rel=\"noopener\">D\u00e9couverte des plantes sauvages du Goeftberg | Maison de la Nature Bruche Pi\u00e9mont<\/a><\/p>\n<ul>\n<li><strong>18 au 22 ao\u00fbt<\/strong><\/li>\n<\/ul>\n<p><a href=\"https:\/\/mnbruchepiemont.org\/WORDPRESS\/?event=sejour-les-aventuriers-au-camping-a-grendelbruch-8-12-ans\" target=\"_blank\" rel=\"noopener\">S\u00e9jour \u2013 Les aventuriers au camping \u00e0 Grendelbruch \u2013 8\/12 ans | Maison de la Nature Bruche Pi\u00e9mont<\/a><\/p>\n<ul>\n<li><strong>24 ao\u00fbt<\/strong><\/li>\n<\/ul>\n<p><a href=\"https:\/\/mnbruchepiemont.org\/WORDPRESS\/?event=jardins-ouverts\" target=\"_blank\" rel=\"noopener\">Jardins ouverts | Maison de la Nature Bruche Pi\u00e9mont<\/a><\/p>\n<ul>\n<li><strong>25 au 29 ao\u00fbt<\/strong><\/li>\n<\/ul>\n<p><a href=\"https:\/\/mnbruchepiemont.org\/WORDPRESS\/?event=clubs-nature-a-oberhaslach-6-8-ans-2\" target=\"_blank\" rel=\"noopener\">Club nature \u00e0 Oberhaslach \u2013 6\/8 ans | Maison de la Nature Bruche Pi\u00e9mont<\/a><\/p>\n<ul>\n<li><strong>25 au 29 ao\u00fbt<\/strong><\/li>\n<\/ul>\n<p><a href=\"https:\/\/mnbruchepiemont.org\/WORDPRESS\/?event=clubs-nature-a-oberhaslach-9-12-ans\" target=\"_blank\" rel=\"noopener\">Club nature \u00e0 Oberhaslach \u2013 9\/12 ans | Maison de la Nature Bruche Pi\u00e9mont<\/a><\/p>\n<ul>\n<li><strong>Samedi 4 octobre<\/strong><\/li>\n<\/ul>\n<p style=\"font-weight: 400;\"><a href=\"https:\/\/mnbruchepiemont.org\/WORDPRESS\/?event=croquons-la-nature-automne-samedi-4-octobre-2025\" target=\"_blank\" rel=\"noopener\">Croquons la nature !\u00a0 AUTOMNE :\u00a0<strong>Samedi 4 octobre 2025<\/strong><\/a><\/p>\n<ul>\n<li><strong>Samedi 6 d\u00e9cembre<\/strong><\/li>\n<\/ul>\n<p style=\"font-weight: 400;\"><a href=\"https:\/\/mnbruchepiemont.org\/WORDPRESS\/?event=croquons-la-nature-hiver-samedi-6-decembre-2025\" target=\"_blank\" rel=\"noopener\">Croquons la nature !\u00a0 HIVER :\u00a0<strong>Samedi 6 d\u00e9cembre 2025<\/strong><\/a><\/p>\n","protected":false},"excerpt":{"rendered":"<p>Lien offre d&#8217;emploi d&#8217;emploi Recherche Animateur\/Animatrice et Volontaire Service Civique voir les annonces avec ce lien Lien adh\u00e9sion Adh\u00e9sion MNBP en ligne 2025 Lien programme loisir Programme 2025 Il y a dans le Menu un onglet \u201cCalendrier des \u00c9v\u00e8nements en &hellip; <a href=\"https:\/\/mnbruchepiemont.org\/?p=6169\">Continuer la lecture <span class=\"meta-nav\">&rarr;<\/span><\/a><\/p>\n","protected":false},"author":8,"featured_media":0,"comment_status":"closed","ping_status":"closed","sticky":false,"template":"","format":"standard","meta":{"footnotes":""},"categories":[25],"tags":[],"class_list":["post-6169","post","type-post","status-publish","format-standard","hentry","category-les-activites"],"_links":{"self":[{"href":"https:\/\/mnbruchepiemont.org\/index.php?rest_route=\/wp\/v2\/posts\/6169","targetHints":{"allow":["GET"]}}],"collection":[{"href":"https:\/\/mnbruchepiemont.org\/index.php?rest_route=\/wp\/v2\/posts"}],"about":[{"href":"https:\/\/mnbruchepiemont.org\/index.php?rest_route=\/wp\/v2\/types\/post"}],"author":[{"embeddable":true,"href":"https:\/\/mnbruchepiemont.org\/index.php?rest_route=\/wp\/v2\/users\/8"}],"replies":[{"embeddable":true,"href":"https:\/\/mnbruchepiemont.org\/index.php?rest_route=%2Fwp%2Fv2%2Fcomments&post=6169"}],"version-history":[{"count":16,"href":"https:\/\/mnbruchepiemont.org\/index.php?rest_route=\/wp\/v2\/posts\/6169\/revisions"}],"predecessor-version":[{"id":6243,"href":"https:\/\/mnbruchepiemont.org\/index.php?rest_route=\/wp\/v2\/posts\/6169\/revisions\/6243"}],"wp:attachment":[{"href":"https:\/\/mnbruchepiemont.org\/index.php?rest_route=%2Fwp%2Fv2%2Fmedia&parent=6169"}],"wp:term":[{"taxonomy":"category","embeddable":true,"href":"https:\/\/mnbruchepiemont.org\/index.php?rest_route=%2Fwp%2Fv2%2Fcategories&post=6169"},{"taxonomy":"post_tag","embeddable":true,"href":"https:\/\/mnbruchepiemont.org\/index.php?rest_route=%2Fwp%2Fv2%2Ftags&post=6169"}],"curies":[{"name":"wp","href":"https:\/\/api.w.org\/{rel}","templated":true}]}}