{"id":6112,"date":"2025-03-10T13:53:17","date_gmt":"2025-03-10T12:53:17","guid":{"rendered":"https:\/\/mnbruchepiemont.org\/?p=6112"},"modified":"2025-04-23T17:59:25","modified_gmt":"2025-04-23T15:59:25","slug":"animations-en-mars-et-avril-2025","status":"publish","type":"post","link":"https:\/\/mnbruchepiemont.org\/?p=6112","title":{"rendered":"Animations de mars \u00e0 avril 2025 et Assembl\u00e9e G\u00e9n\u00e9rale le 4 avril"},"content":{"rendered":"<ul>\n<li><strong>Lien offre d&#8217;emploi d&#8217;emploi<\/strong><\/li>\n<\/ul>\n<p><a href=\"https:\/\/mnbruchepiemont.org\/WORDPRESS\/?page_id=6148\" target=\"_blank\" rel=\"noopener\">Recherche Animateur\/Animatrice et Volontaire Service Civique voir les annonces avec ce lien<\/a><\/p>\n<ul>\n<li><strong>Lien adh\u00e9sion<\/strong><\/li>\n<\/ul>\n<p><a href=\"https:\/\/www.helloasso.com\/associations\/maison-de-la-nature-bruche-piemont\/adhesions\/adhesion-en-ligne-2025\" target=\"_blank\" rel=\"noopener\">Adh\u00e9sion MNBP en ligne 2025<\/a><\/p>\n<ul>\n<li><strong>Lien programme loisir<\/strong><\/li>\n<\/ul>\n<p><a href=\"https:\/\/mnbruchepiemont.org\/WORDPRESS\/wp-content\/uploads\/ProgrammeLOISIRS_jeunesse_MNBP_2025.pdf\">Programme 2025<\/a><\/p>\n<p>Il y a dans le Menu un onglet \u201cCalendrier des \u00c9v\u00e8nements en 2025\u201d dans lequel vous trouverez l\u2019agenda des animations qui est renseign\u00e9 au fur et \u00e0 mesure.<\/p>\n<ul>\n<li><strong>Samedi 22 mars<\/strong><\/li>\n<\/ul>\n<p style=\"font-weight: 400;\">Le plein des sens &#8211; 11h\/12h30 \u2013 For\u00eat domaniale de Haslach \u00e0 Still<\/p>\n<p style=\"font-weight: 400;\">La for\u00eat a tant de choses \u00e0 nous raconter&#8230; Venez-vous y reconnecter au travers de vos sens \u00e0 l&#8217;occasion d&#8217;une balade pleine de surprises ! Tenue adapt\u00e9e la m\u00e9t\u00e9o du jour, se munir d&#8217;un t\u00e9l\u00e9phone ou appareil photo num\u00e9rique.<\/p>\n<p style=\"font-weight: 400;\">D\u00e9placement\u00a0: niveau facile<\/p>\n<p style=\"font-weight: 400;\">Dans le cadre de la journ\u00e9e internationale des for\u00eats avec un partenariat ONF<\/p>\n<p><a href=\"https:\/\/www.helloasso.com\/associations\/maison-de-la-nature-bruche-piemont\/evenements\/le-plein-des-sens-en-foret\" target=\"_blank\" rel=\"noopener\">R\u00e9servation \u201cLe plein des sens\u2026\u201d<\/a><\/p>\n<ul>\n<li><strong>Samedi 29 mars<\/strong><\/li>\n<\/ul>\n<p style=\"font-weight: 400;\">F\u00eate des Vergers \u2013 St Nabor \u2013 14h\/18h<\/p>\n<p style=\"font-weight: 400;\">Voici les activit\u00e9s pr\u00e9vues : troc plantes, atelier taille arbres fruitiers, atelier fabrication de nichoirs, atelier de fabrication d\u2019abri \u00e0 petites b\u00eates, sorties oiseaux des vergers<\/p>\n<p style=\"font-weight: 400;\">En partenariat avec la Communaut\u00e9 des communes des Portes de Rosheim<\/p>\n<p style=\"font-weight: 400;\">D\u00e9placement\u00a0: niveau facile<\/p>\n<p><a href=\"https:\/\/www.helloasso.com\/associations\/maison-de-la-nature-bruche-piemont\/evenements\/atelier-abris-a-petites-betes-fete-des-vergers\" target=\"_blank\" rel=\"noopener\">R\u00e9servation des ateliers<\/a><\/p>\n<ul>\n<li><strong>Vendredi 4 avril &#8211; 18h Assembl\u00e9e G\u00e9n\u00e9rale et 19h30 Conf\u00e9rence\u00a0<\/strong><\/li>\n<\/ul>\n<p><strong>Assembl\u00e9e G\u00e9n\u00e9rale \u00e0 18h00 \u00e0 la Mairie d&#8217;Oberhaslach<\/strong><\/p>\n<p><strong>Conf\u00e9rence \u00e0 19h30 &#8220;Le verger et le jardin face au changement climatique&#8221;<\/strong><\/p>\n<p style=\"font-weight: 400;\">Qu\u2019est-ce que le concept d\u2019horto-\u00e9cologie\u00a0? Ce n\u2019est pas un style mais un comportement joyeux qui am\u00e9liore le pouvoir de non-achat et le lien social.<\/p>\n<p style=\"font-weight: 400;\">D\u00e9couvrez ce comportement dans le cadre d\u2019une conf\u00e9rence donn\u00e9e par Eric Charton dans le cadre de l\u2019Assembl\u00e9e G\u00e9n\u00e9rale Ordinaire<\/p>\n<p style=\"font-weight: 400;\">Inscription non n\u00e9cessaire<\/p>\n<ul>\n<li><strong>Chaque jour du 7 au 11 avril &#8211; Club nature 6\/8 ans<\/strong><\/li>\n<\/ul>\n<p><a href=\"https:\/\/mnbruchepiemont.org\/WORDPRESS\/?event=clubs-nature-a-oberhaslach-07-au-11-avril-5-jours-6-8ans\" target=\"_blank\" rel=\"noopener\">Clubs nature \u00e0 Oberhaslach\u00a0: 07 au 11 Avril (5 jours) \u2013 6\/8ans | Maison de la Nature Bruche Pi\u00e9mont<\/a><\/p>\n<ul>\n<li><strong>Chaque jour du 7 au 11 avril &#8211; Club nature 9\/12 ans<\/strong><\/li>\n<\/ul>\n<p><a href=\"https:\/\/mnbruchepiemont.org\/WORDPRESS\/?event=clubs-nature-a-oberhaslach-07-au-11-avril-5-jours-9-12-ans\" target=\"_blank\" rel=\"noopener\">Clubs nature \u00e0 Oberhaslach : 07 au 11 Avril (5 jours) \u2013 9\/12 ans | Maison de la Nature Bruche Pi\u00e9mont<\/a><\/p>\n<ul>\n<li><strong>Samedi 12 avril\u00a0<\/strong><\/li>\n<\/ul>\n<p style=\"font-weight: 400;\"><a href=\"https:\/\/mnbruchepiemont.org\/WORDPRESS\/?event=les-fruits-sauvages-autour-du-jesselberg-14h-17h-soultz-les-bains\">Entr\u00e9e du printemps au Jesselberg \u201314h\/17h \u2013 Soultz Les Bains<\/a><\/p>\n<p style=\"font-weight: 400;\">Envie d&#8217;un bol d&#8217;air de nature et de d\u00e9couvrir les beaut\u00e9s du printemps. Une sortie nature sur les collines s\u00e8ches est organis\u00e9e afin de reconna\u00eetre quelques plantes embl\u00e9matiques du milieu. Laissez-vous guider par une balade pleine d&#8217;\u00e9merveillement et d&#8217;histoires insolites sur le printemps dans cet ENS (Espace Naturel Sensible).<\/p>\n<p style=\"font-weight: 400;\">D\u00e9placement : niveau interm\u00e9diaire, d\u00e9nivel\u00e9 positif.\u00a0Pr\u00e9voir de bonnes chaussures de marche.<\/p>\n<p style=\"font-weight: 400;\">En partenariat avec la CeA<\/p>\n<p><a href=\"https:\/\/www.helloasso.com\/associations\/maison-de-la-nature-bruche-piemont\/evenements\/fruits-sauvages-autour-du-jesselberg\">Inscriptions<\/a><\/p>\n<ul>\n<li><strong>Samedi 26 avril\u00a0<\/strong><\/li>\n<\/ul>\n<p style=\"font-weight: 400;\">Croquons la nature !\u00a0 PRINTEMPS :\u00a0Samedi 26 avril 2025<\/p>\n<p style=\"font-weight: 400;\">Au sein d&#8217;un petit groupe convivial, venez reconnaitre, r\u00e9colter et cuisiner les plantes sauvages. Un atelier par saison est propos\u00e9, ce qui permet d&#8217;aborder des plantes diff\u00e9rentes \u00e0 chaque fois. Accompagn\u00e9s par deux passionn\u00e9es form\u00e9es \u00e0 l&#8217;herboristerie, vous repartirez avec un livret r\u00e9capitulatif de l&#8217;atelier.<\/p>\n<p style=\"font-weight: 400;\">Horaires : de 9 h \u00e0 13 h30, d\u00e9jeuner inclus.<\/p>\n<p style=\"font-weight: 400;\">Lieu : Oberhaslach<\/p>\n<p style=\"font-weight: 400;\">Groupe de 12 personnes maximum, adultes et enfants de 8 ans et plus.<\/p>\n<p style=\"font-weight: 400;\">Dates des diff\u00e9rentes sorties &#8220;Croquons la nature&#8221;:<\/p>\n<p style=\"font-weight: 400;\"><a href=\"https:\/\/mnbruchepiemont.org\/WORDPRESS\/?event=croquons-la-nature-printemps-samedi-26-avril-2025\" target=\"_blank\" rel=\"noopener\">Croquons la nature !\u00a0 PRINTEMPS :\u00a0<strong>Samedi 26 avril 2025<\/strong><\/a><\/p>\n<ul>\n<li><strong>Dimanche 22 juin<\/strong><\/li>\n<\/ul>\n<p>Rando yoga nature:<\/p>\n<p><span id=\"OBJ_PREFIX_DWT49_com_zimbra_date\" class=\"Object\" role=\"link\">dimanche<\/span>\u00a022 juin 10h-16h30, rdv parking des Quelles 67130 La Broque, Agr\u00e9able randonn\u00e9e de 4h\u00a0 qui nous fera cheminer le long du sentier de la po\u00e9sie. La balade sera entrecoup\u00e9e de pauses yoga et d&#8217;animations nature et se cl\u00f4turera par des \u00e9changes d&#8217;\u00e9criture po\u00e9tique. Animations assur\u00e9es par Jo\u00eblle Meunier (yoga) et Jean Claude Rodriguez (nature). Veuillez \u00e0 vous munir de v\u00eatements adapt\u00e9s \u00e0 a m\u00e9t\u00e9o, de bonnes chaussures et d&#8217;eau. Le repas sera tir\u00e9 du sac.<\/p>\n<p>Adh\u00e9sion \u00e0 la Maison de la Nature obligatoire (pour les non adh\u00e9rents ou membres des clubs de yoga de Jo\u00eblle)<\/p>\n<p>&#8211; lien d&#8217;inscription:<span id=\"OBJ_PREFIX_DWT50_com_zimbra_url\" class=\"Object\" role=\"link\"><a href=\"https:\/\/www.helloasso.com\/associations\/maison-de-la-nature-bruche-piemont\/evenements\/rando-yoga-nature-automne-au-champ-du-feu-2\" target=\"_blank\" rel=\"nofollow noopener noreferrer\">\u00a0https:\/\/www.helloasso.com\/associations\/maison-de-la-nature-bruche-piemont\/evenements\/rando-yoga-nature-automne-au-champ-du-feu-2<\/a><\/span><\/p>\n<ul>\n<li><strong>Samedi 5 juillet<\/strong><\/li>\n<\/ul>\n<p style=\"font-weight: 400;\"><a href=\"https:\/\/mnbruchepiemont.org\/WORDPRESS\/?event=croquons-la-nature-ete-samedi-5-juillet-2025\" target=\"_blank\" rel=\"noopener\">Croquons la nature !\u00a0 \u00c9T\u00c9 :\u00a0<strong>Samedi 5 juillet 2025<\/strong><\/a><\/p>\n<ul>\n<li><strong>Samedi 4 octobre<\/strong><\/li>\n<\/ul>\n<p style=\"font-weight: 400;\"><a href=\"https:\/\/mnbruchepiemont.org\/WORDPRESS\/?event=croquons-la-nature-automne-samedi-4-octobre-2025\" target=\"_blank\" rel=\"noopener\">Croquons la nature !\u00a0 AUTOMNE :\u00a0<strong>Samedi 4 octobre 2025<\/strong><\/a><\/p>\n<ul>\n<li><strong>Samedi 6 d\u00e9cembre<\/strong><\/li>\n<\/ul>\n<p style=\"font-weight: 400;\"><a href=\"https:\/\/mnbruchepiemont.org\/WORDPRESS\/?event=croquons-la-nature-hiver-samedi-6-decembre-2025\" target=\"_blank\" rel=\"noopener\">Croquons la nature !\u00a0 HIVER :\u00a0<strong>Samedi 6 d\u00e9cembre 2025<\/strong><\/a><\/p>\n","protected":false},"excerpt":{"rendered":"<p>Lien offre d&#8217;emploi d&#8217;emploi Recherche Animateur\/Animatrice et Volontaire Service Civique voir les annonces avec ce lien Lien adh\u00e9sion Adh\u00e9sion MNBP en ligne 2025 Lien programme loisir Programme 2025 Il y a dans le Menu un onglet \u201cCalendrier des \u00c9v\u00e8nements en &hellip; <a href=\"https:\/\/mnbruchepiemont.org\/?p=6112\">Continuer la lecture <span class=\"meta-nav\">&rarr;<\/span><\/a><\/p>\n","protected":false},"author":8,"featured_media":0,"comment_status":"closed","ping_status":"closed","sticky":false,"template":"","format":"standard","meta":{"footnotes":""},"categories":[25],"tags":[],"class_list":["post-6112","post","type-post","status-publish","format-standard","hentry","category-les-activites"],"_links":{"self":[{"href":"https:\/\/mnbruchepiemont.org\/index.php?rest_route=\/wp\/v2\/posts\/6112","targetHints":{"allow":["GET"]}}],"collection":[{"href":"https:\/\/mnbruchepiemont.org\/index.php?rest_route=\/wp\/v2\/posts"}],"about":[{"href":"https:\/\/mnbruchepiemont.org\/index.php?rest_route=\/wp\/v2\/types\/post"}],"author":[{"embeddable":true,"href":"https:\/\/mnbruchepiemont.org\/index.php?rest_route=\/wp\/v2\/users\/8"}],"replies":[{"embeddable":true,"href":"https:\/\/mnbruchepiemont.org\/index.php?rest_route=%2Fwp%2Fv2%2Fcomments&post=6112"}],"version-history":[{"count":24,"href":"https:\/\/mnbruchepiemont.org\/index.php?rest_route=\/wp\/v2\/posts\/6112\/revisions"}],"predecessor-version":[{"id":6176,"href":"https:\/\/mnbruchepiemont.org\/index.php?rest_route=\/wp\/v2\/posts\/6112\/revisions\/6176"}],"wp:attachment":[{"href":"https:\/\/mnbruchepiemont.org\/index.php?rest_route=%2Fwp%2Fv2%2Fmedia&parent=6112"}],"wp:term":[{"taxonomy":"category","embeddable":true,"href":"https:\/\/mnbruchepiemont.org\/index.php?rest_route=%2Fwp%2Fv2%2Fcategories&post=6112"},{"taxonomy":"post_tag","embeddable":true,"href":"https:\/\/mnbruchepiemont.org\/index.php?rest_route=%2Fwp%2Fv2%2Ftags&post=6112"}],"curies":[{"name":"wp","href":"https:\/\/api.w.org\/{rel}","templated":true}]}}