{"id":6040,"date":"2025-01-21T20:02:50","date_gmt":"2025-01-21T19:02:50","guid":{"rendered":"https:\/\/mnbruchepiemont.org\/?p=6040"},"modified":"2025-03-10T13:48:19","modified_gmt":"2025-03-10T12:48:19","slug":"recherche-animateur-animatrice","status":"publish","type":"post","link":"https:\/\/mnbruchepiemont.org\/?p=6040","title":{"rendered":"Animations en f\u00e9vrier et Recherche animateur-animatrice"},"content":{"rendered":"<p>[Offre d&#8217;emploi] Suite \u00e0 d\u00e9sistement, <span class=\"html-span xdj266r x11i5rnm xat24cr x1mh8g0r xexx8yu x4uap5 x18d9i69 xkhd6sd x1hl2dhg x16tdsg8 x1vvkbs\"><span id=\"OBJ_PREFIX_DWT62_com_zimbra_url\" class=\"Object\" role=\"link\"><span id=\"OBJ_PREFIX_DWT69_com_zimbra_url\" class=\"Object\" role=\"link\"><a tabindex=\"0\" href=\"https:\/\/www.facebook.com\/maisondelanaturebruchepiemont?__cft__[0]=AZW8ePMe6IWf0vd7Tha-xtbdSwcARqfgyqFo-Gv9mjghFiyZcfYdRnZZwHWcPIWpUyW03enJL0TCVEn-oY34YWsJTzbsvSbzVwMCGuB4r-WyW7HU3qHSyx6XVHHqBZecau7mmghuEhrcFIjkkz1yZ8K9h4UDgMRTKfPtyO8l9_3DWHzGPivVO-EyQxqqPlGgx2k&amp;__tn__=-]K-R\" target=\"_blank\" rel=\"nofollow noopener noreferrer\"><span class=\"xt0psk2\"><span class=\"xjp7ctv\">La Maison de la Nature Bruche Pi\u00e9mont<\/span><\/span><\/a><\/span><\/span><\/span> recherche \u00e0 nouveau son animateur.trice nature en CDD de remplacement (f\u00e9vrier \u00e0 septembre). Date limite de candidature le <span id=\"OBJ_PREFIX_DWT63_com_zimbra_date\" class=\"Object\" role=\"link\"><span id=\"OBJ_PREFIX_DWT70_com_zimbra_date\" class=\"Object\" role=\"link\">31 janvier 2025<\/span><\/span>.<\/p>\n<p>En vous remerciant de partager l&#8217;information<\/p>\n<p><a href=\"https:\/\/mnbruchepiemont.org\/WORDPRESS\/wp-content\/uploads\/MNBP_CDD_Recrutement_Animateurtrice_Nature_remplacement_2025_relance.pdf\">MNBP_CDD_Recrutement_Animateurtrice_Nature_remplacement_2025_relance<\/a><\/p>\n<p style=\"font-weight: 400;\"><strong>Activit\u00e9s grand public et familles<\/strong><\/p>\n<ul>\n<li><strong>Samedi 11 janvier<\/strong><\/li>\n<\/ul>\n<p style=\"font-weight: 400;\">Traces et indices de la faune sauvage &#8211; Fouday &#8211; 8h45\/12h30<\/p>\n<p style=\"font-weight: 400;\">Randonn\u00e9e naturaliste sur le th\u00e8me des paysages de la vall\u00e9e de la Bruche, de la diversit\u00e9 sylvicole locale et des indices de pr\u00e9sence de la faune.<\/p>\n<p style=\"font-weight: 400;\">Bonne condition physique et bonne humeur recommand\u00e9es ! Jumelles et guides de terrain conseill\u00e9s<\/p>\n<p style=\"font-weight: 400;\">D\u00e9placement : niveau interm\u00e9diaire. Pr\u00e9voir de bonnes chaussures de marche.<\/p>\n<ul>\n<li><strong>Mardi 11 f\u00e9vrier &#8211; Rosheim 20h<\/strong><\/li>\n<\/ul>\n<p style=\"font-weight: 400;\">Le temps des semis<\/p>\n<p style=\"font-weight: 400;\">Comment semer \u00e0 la bonne saison ? Comment repiquer les semis ? Quelles sont les bonnes associations au jardin ?<br \/>\nEric Charton, animateur en horto-\u00e9cologie vous partage son exp\u00e9rience du jardinage et ses astuces au potager.<\/p>\n<p style=\"font-weight: 400;\">Partenariat et inscription et \u00e0 la m\u00e9diath\u00e8que Josselmann<\/p>\n<ul>\n<li style=\"font-weight: 400;\"><strong>Samedi 15 f\u00e9vrier<\/strong><\/li>\n<\/ul>\n<p style=\"font-weight: 400;\">Enqu\u00eate nature, le myst\u00e8re des animaux en hiver &#8211; Parking Rothlach &#8211; Obernai &#8211; 9h15-12h15<\/p>\n<p style=\"font-weight: 400;\">Malgr\u00e9 un calme apparent, la for\u00eat est bien vivante en hiver. Apr\u00e8s un temps de d\u00e9couverte des traces et indices de pr\u00e9sence des animaux, rencontrez-les gr\u00e2ce \u00e0 tout ce qu\u2019ils laissent derri\u00e8re leur passage.<\/p>\n<p style=\"font-weight: 400;\">Loupes + Jumelles bienvenues<\/p>\n<p style=\"font-weight: 400;\">Possibilit\u00e9 de transport en commun : Navette des neiges \u2013 Champ du Feu 258<\/p>\n<p style=\"font-weight: 400;\">Partenariat CeA et AERM<\/p>\n<p style=\"font-weight: 400;\"><strong>Inscription obligatoire :<\/strong><\/p>\n<p style=\"font-weight: 400;\">\u00a0<a href=\"https:\/\/www.helloasso.com\/associations\/maison-de-la-nature-bruche-piemont\/evenements\/enquete-nature-le-mystere-des-animaux-en-hiver\" target=\"_blank\" rel=\"noopener\">https:\/\/www.helloasso.com\/associations\/maison-de-la-nature-bruche-piemont\/evenements\/enquete-nature-le-mystere-des-animaux-en-hiver<\/a><\/p>\n<ul>\n<li style=\"font-weight: 400;\"><strong>Mercredi 19 f\u00e9vrier<\/strong><\/li>\n<\/ul>\n<p style=\"font-weight: 400;\">L\u2019eau, Source de vie &#8211; Parking Rothlach &#8211; Obernai \u2013 9h15-12h15<\/p>\n<p style=\"font-weight: 400;\">Autour de chaque source bouillonne la vie. Tout au long d\u2019une balade, d\u00e9couvrez les richesses multiples et inattendues de deux sources sur le massif du Champ du Feu.<\/p>\n<p style=\"font-weight: 400;\">Possibilit\u00e9 de transport en commun : Navette des neiges \u2013 Champ du Feu 258<\/p>\n<p style=\"font-weight: 400;\">Partenariat CeA et AERM<\/p>\n<p style=\"font-weight: 400;\"><strong>Inscription obligatoire :<\/strong><\/p>\n<p style=\"font-weight: 400;\">\u00a0<a href=\"https:\/\/www.helloasso.com\/associations\/maison-de-la-nature-bruche-piemont\/evenements\/l-eau-source-de-vie\" target=\"_blank\" rel=\"noopener\">https:\/\/www.helloasso.com\/associations\/maison-de-la-nature-bruche-piemont\/evenements\/l-eau-source-de-vie<\/a><\/p>\n<p>&nbsp;<\/p>\n","protected":false},"excerpt":{"rendered":"<p>[Offre d&#8217;emploi] Suite \u00e0 d\u00e9sistement, La Maison de la Nature Bruche Pi\u00e9mont recherche \u00e0 nouveau son animateur.trice nature en CDD de remplacement (f\u00e9vrier \u00e0 septembre). Date limite de candidature le 31 janvier 2025. En vous remerciant de partager l&#8217;information MNBP_CDD_Recrutement_Animateurtrice_Nature_remplacement_2025_relance &hellip; <a href=\"https:\/\/mnbruchepiemont.org\/?p=6040\">Continuer la lecture <span class=\"meta-nav\">&rarr;<\/span><\/a><\/p>\n","protected":false},"author":8,"featured_media":0,"comment_status":"closed","ping_status":"closed","sticky":false,"template":"","format":"standard","meta":{"footnotes":""},"categories":[25],"tags":[],"class_list":["post-6040","post","type-post","status-publish","format-standard","hentry","category-les-activites"],"_links":{"self":[{"href":"https:\/\/mnbruchepiemont.org\/index.php?rest_route=\/wp\/v2\/posts\/6040","targetHints":{"allow":["GET"]}}],"collection":[{"href":"https:\/\/mnbruchepiemont.org\/index.php?rest_route=\/wp\/v2\/posts"}],"about":[{"href":"https:\/\/mnbruchepiemont.org\/index.php?rest_route=\/wp\/v2\/types\/post"}],"author":[{"embeddable":true,"href":"https:\/\/mnbruchepiemont.org\/index.php?rest_route=\/wp\/v2\/users\/8"}],"replies":[{"embeddable":true,"href":"https:\/\/mnbruchepiemont.org\/index.php?rest_route=%2Fwp%2Fv2%2Fcomments&post=6040"}],"version-history":[{"count":12,"href":"https:\/\/mnbruchepiemont.org\/index.php?rest_route=\/wp\/v2\/posts\/6040\/revisions"}],"predecessor-version":[{"id":6111,"href":"https:\/\/mnbruchepiemont.org\/index.php?rest_route=\/wp\/v2\/posts\/6040\/revisions\/6111"}],"wp:attachment":[{"href":"https:\/\/mnbruchepiemont.org\/index.php?rest_route=%2Fwp%2Fv2%2Fmedia&parent=6040"}],"wp:term":[{"taxonomy":"category","embeddable":true,"href":"https:\/\/mnbruchepiemont.org\/index.php?rest_route=%2Fwp%2Fv2%2Fcategories&post=6040"},{"taxonomy":"post_tag","embeddable":true,"href":"https:\/\/mnbruchepiemont.org\/index.php?rest_route=%2Fwp%2Fv2%2Ftags&post=6040"}],"curies":[{"name":"wp","href":"https:\/\/api.w.org\/{rel}","templated":true}]}}