{"id":603,"date":"2014-04-29T21:41:58","date_gmt":"2014-04-29T19:41:58","guid":{"rendered":"http:\/\/mnbruchepiemont.org\/?p=603"},"modified":"2017-03-25T12:22:35","modified_gmt":"2017-03-25T11:22:35","slug":"le-programme-2014","status":"publish","type":"post","link":"https:\/\/mnbruchepiemont.org\/?p=603","title":{"rendered":"Le programme de Nature en f\u00eate 2014 !"},"content":{"rendered":"<p style=\"text-align: left;\"><a href=\"https:\/\/mnbruchepiemont.org\/WORDPRESS\/wp-content\/uploads\/naturenfete.jpg\"><img loading=\"lazy\" decoding=\"async\" class=\"size-medium wp-image-612 aligncenter\" src=\"https:\/\/mnbruchepiemont.org\/WORDPRESS\/wp-content\/uploads\/naturenfete-300x92.jpg\" alt=\"naturenfete\" width=\"300\" height=\"92\" srcset=\"https:\/\/mnbruchepiemont.org\/WORDPRESS\/wp-content\/uploads\/naturenfete-300x92.jpg 300w, https:\/\/mnbruchepiemont.org\/WORDPRESS\/wp-content\/uploads\/naturenfete-1024x314.jpg 1024w, https:\/\/mnbruchepiemont.org\/WORDPRESS\/wp-content\/uploads\/naturenfete-500x153.jpg 500w, https:\/\/mnbruchepiemont.org\/WORDPRESS\/wp-content\/uploads\/naturenfete.jpg 1178w\" sizes=\"auto, (max-width: 300px) 100vw, 300px\" \/><\/a><\/p>\n<p style=\"text-align: center;\">[metaslider id=620]<\/p>\n<p style=\"text-align: left;\"><strong><span style=\"color: #339966;\"><span style=\"color: #008000;\">SAMEDI 14 JUIN<\/span>\u00a0\u00a0\u00a0\u00a0\u00a0 <\/span><\/strong><span style=\"color: #339966;\"><span style=\"color: #000000;\">\u00e0<\/span><\/span><span style=\"color: #339966;\"><span style=\"color: #000000;\"> partir de 14h<\/span><\/span><\/p>\n<p>&#8211; Apr\u00e8s-midi &#8220;Sport et nature&#8221;<br \/>\n&#8211; Tartes flamb\u00e9es et d\u00e9gustation de vin bio<br \/>\n&#8211; 20h30 : Projection-d\u00e9bat autour du film &#8220;Jungle d&#8217;eau douce, la vie secr\u00e8te des gravi\u00e8res&#8221; en pr\u00e9sence de Jean-Luc Klein, membre de la commission biologique subaquatique de la FFESSM et plongeur. (3 euros)<br \/>\n&#8211; 22h30 : Veill\u00e9e autour du feu<\/p>\n<p><span style=\"color: #993300;\">Pour information, une formule &#8220;Week end Ecrin de Verdure&#8221; est propos\u00e9e et comprend la prise en charge de vos enfants, le repas du samedi soir (tartes flamb\u00e9es \u00e0 volont\u00e9 et d\u00e9gustation de vin bio), le visionnage du film, la veill\u00e9e, l&#8217;h\u00e9bergement sur place et le petit d\u00e9jeuner.<\/span> <span style=\"color: #993300;\">50\u20ac par personne \/ 20\u20ac pour les enfants de moins de 10 ans<\/span>.<br \/>\n<span style=\"color: #993300;\"> Pour plus d&#8217;informations, merci de t\u00e9l\u00e9phoner au 06 81 11 88 66. Pensez \u00e0 r\u00e9server d\u00e8s \u00e0 pr\u00e9sent, le nombre de places \u00e9tant limit\u00e9 !<br \/>\n<\/span><\/p>\n<p>&nbsp;<\/p>\n<p><strong><span style=\"color: #008000;\">\u00a0DIMANCHE 15 JUIN<\/span><\/strong>\u00a0\u00a0\u00a0 de 10h \u00e0 18h<\/p>\n<p><span style=\"text-decoration: underline;\">Animations<\/span><\/p>\n<p>&#8211; Initiation au parcours dans les arbres (3\u20ac)<br \/>\n&#8211; Ballade en poney (3\u20ac)<br \/>\n&#8211; Bapt\u00eame de cano\u00e9 (selon conditions)<\/p>\n<p><span style=\"text-decoration: underline;\">Ateliers<\/span><\/p>\n<p>&#8211; D\u00e9couverte ludique de la for\u00eat<br \/>\n&#8211; Les habitants de la mare<br \/>\n&#8211; Empreintes des animaux de la for\u00eat<br \/>\n&#8211; Ruche p\u00e9dagogique, bougies en cire d&#8217;abeilles, miel<br \/>\n&#8211; R\u00e9cup&#8217;art<br \/>\n&#8211; Land art<br \/>\n&#8211; Atelier \u00e9criture, lithophone, galets penseurs<br \/>\n&#8211; Parcours sensoriel<br \/>\n&#8211; Tous les go\u00fbts sont dans la nature (cuisine)<br \/>\n&#8211; Ecologie pratique : prduits d&#8217;entretien naturels<br \/>\n&#8211; Fabriquez une mouche de p\u00eache, des boucles d&#8217;oreilles<\/p>\n<p><span style=\"text-decoration: underline;\">Troc&#8217;plantes<\/span><\/p>\n<p>&#8211; Apportez vos surplus de plantes et \u00e9changez-les pour d\u00e9couvrir d&#8217;autres esp\u00e8ces florales, l\u00e9gumineuses, solanac\u00e9es&#8230; (le mieux serait de pr\u00e9voir\u00a0 pour chacune de vos plantes un petit signet stipulant son nom)<\/p>\n<p><span style=\"text-decoration: underline;\">Expos d&#8217;associations<\/span><\/p>\n<p>&#8211; Haies vives d&#8217;Alsace<br \/>\n&#8211; Saumon Rhin<br \/>\n&#8211; LPO<br \/>\n&#8211; GEPMA<br \/>\n&#8211; F\u00e9d\u00e9ration de p\u00eache<br \/>\n&#8211; Association Arbres<br \/>\n&#8211; Mobilier en bois de r\u00e9cup<\/p>\n","protected":false},"excerpt":{"rendered":"<p>[metaslider id=620] SAMEDI 14 JUIN\u00a0\u00a0\u00a0\u00a0\u00a0 \u00e0 partir de 14h &#8211; Apr\u00e8s-midi &#8220;Sport et nature&#8221; &#8211; Tartes flamb\u00e9es et d\u00e9gustation de vin bio &#8211; 20h30 : Projection-d\u00e9bat autour du film &#8220;Jungle d&#8217;eau douce, la vie secr\u00e8te des gravi\u00e8res&#8221; en pr\u00e9sence de &hellip; <a href=\"https:\/\/mnbruchepiemont.org\/?p=603\">Continuer la lecture <span class=\"meta-nav\">&rarr;<\/span><\/a><\/p>\n","protected":false},"author":8,"featured_media":0,"comment_status":"closed","ping_status":"closed","sticky":false,"template":"","format":"standard","meta":{"footnotes":""},"categories":[23,39],"tags":[91],"class_list":["post-603","post","type-post","status-publish","format-standard","hentry","category-nature-en-fete-2013","category-programme","tag-91"],"_links":{"self":[{"href":"https:\/\/mnbruchepiemont.org\/index.php?rest_route=\/wp\/v2\/posts\/603","targetHints":{"allow":["GET"]}}],"collection":[{"href":"https:\/\/mnbruchepiemont.org\/index.php?rest_route=\/wp\/v2\/posts"}],"about":[{"href":"https:\/\/mnbruchepiemont.org\/index.php?rest_route=\/wp\/v2\/types\/post"}],"author":[{"embeddable":true,"href":"https:\/\/mnbruchepiemont.org\/index.php?rest_route=\/wp\/v2\/users\/8"}],"replies":[{"embeddable":true,"href":"https:\/\/mnbruchepiemont.org\/index.php?rest_route=%2Fwp%2Fv2%2Fcomments&post=603"}],"version-history":[{"count":14,"href":"https:\/\/mnbruchepiemont.org\/index.php?rest_route=\/wp\/v2\/posts\/603\/revisions"}],"predecessor-version":[{"id":942,"href":"https:\/\/mnbruchepiemont.org\/index.php?rest_route=\/wp\/v2\/posts\/603\/revisions\/942"}],"wp:attachment":[{"href":"https:\/\/mnbruchepiemont.org\/index.php?rest_route=%2Fwp%2Fv2%2Fmedia&parent=603"}],"wp:term":[{"taxonomy":"category","embeddable":true,"href":"https:\/\/mnbruchepiemont.org\/index.php?rest_route=%2Fwp%2Fv2%2Fcategories&post=603"},{"taxonomy":"post_tag","embeddable":true,"href":"https:\/\/mnbruchepiemont.org\/index.php?rest_route=%2Fwp%2Fv2%2Ftags&post=603"}],"curies":[{"name":"wp","href":"https:\/\/api.w.org\/{rel}","templated":true}]}}