{"id":5735,"date":"2023-11-14T16:27:44","date_gmt":"2023-11-14T15:27:44","guid":{"rendered":"https:\/\/mnbruchepiemont.org\/?p=5735"},"modified":"2023-11-14T16:54:25","modified_gmt":"2023-11-14T15:54:25","slug":"5735","status":"publish","type":"post","link":"https:\/\/mnbruchepiemont.org\/?p=5735","title":{"rendered":"Exposition p\u00e9dagogique sur la nappe phr\u00e9atique du Rhin sup\u00e9rieur pr\u00e9sent\u00e9e au Coll\u00e8ge Copernic de Duttlenheim"},"content":{"rendered":"<div><\/div>\n<div class=\"xdj266r x11i5rnm xat24cr x1mh8g0r x1vvkbs\">Visitez l&#8217;exposition p\u00e9dagogique anim\u00e9e par la Maison de la Nature sur la nappe phr\u00e9atique du Rhin sup\u00e9rieur pr\u00e9sent\u00e9e au Coll\u00e8ge Copernic<br \/>\nDu 06 novembre au\u00a0<span id=\"OBJ_PREFIX_DWT77_com_zimbra_date\" class=\"Object\" role=\"link\">22 d\u00e9cembre 2023<\/span><\/div>\n<div class=\"x11i5rnm xat24cr x1mh8g0r x1vvkbs xtlvy1s\">Con\u00e7ue par la R\u00e9gion Alsace et de nombreux partenaires franco-allemands &#8211; dont l\u2019Ariena- dans le cadre d\u2019un projet communautaire Interreg III, cette exposition est \u00e0 d\u00e9couvrir au travers d\u2019une visite guid\u00e9e men\u00e9e par un animateur professionnel form\u00e9 pour animer cet outil. Elle permet de comprendre le fonctionnement de la nappe phr\u00e9atique et les multiples enjeux li\u00e9s \u00e0 sa protection, gr\u00e2ce \u00e0 un ensemble de maquettes.<\/div>\n<div class=\"x11i5rnm xat24cr x1mh8g0r x1vvkbs xtlvy1s\">L&#8217;\u00e9quipe de la MNBP anime l&#8217;exposition p\u00e9dagogique itin\u00e9rante sp\u00e9cialement con\u00e7ue pour aider les collectivit\u00e9s locales \u00e0 sensibiliser tous les acteurs de leur territoire \u00e0 la protection de la nappe phr\u00e9atique, ressource naturelle exceptionnelle et cependant vuln\u00e9rable.<\/div>\n<div class=\"x11i5rnm xat24cr x1mh8g0r x1vvkbs xtlvy1s\">Cette exposition se d\u00e9place sur le territoire alsacien, \u00e0 la demande de communes, intercommunalit\u00e9s, m\u00e9diath\u00e8ques, \u00e9tablissements scolaires et associations qui souhaitent, en l\u2019accueillant, aborder la question de l\u2019eau et de sa pr\u00e9servation sur leur territoire.<\/div>\n<div class=\"x11i5rnm xat24cr x1mh8g0r x1vvkbs xtlvy1s\">R\u00e9servation obligatoire :<\/div>\n<div class=\"x11i5rnm xat24cr x1mh8g0r x1vvkbs xtlvy1s\"><span id=\"OBJ_PREFIX_DWT78_ZmEmailObjectHandler\" class=\"Object\" role=\"link\"><a href=\"mailto:admininistration@duttlenheim.fr\" target=\"_blank\" rel=\"nofollow noopener noreferrer\">admininistration@duttlenheim.fr<\/a><\/span><\/div>\n<div><\/div>\n<div><a href=\"https:\/\/mnbruchepiemont.org\/WORDPRESS\/wp-content\/uploads\/Fyer-nappe-jpg.jpg\"><img loading=\"lazy\" decoding=\"async\" class=\"alignnone size-medium wp-image-5743\" src=\"https:\/\/mnbruchepiemont.org\/WORDPRESS\/wp-content\/uploads\/Fyer-nappe-jpg-141x300.jpg\" alt=\"\" width=\"141\" height=\"300\" srcset=\"https:\/\/mnbruchepiemont.org\/WORDPRESS\/wp-content\/uploads\/Fyer-nappe-jpg-141x300.jpg 141w, https:\/\/mnbruchepiemont.org\/WORDPRESS\/wp-content\/uploads\/Fyer-nappe-jpg.jpg 370w\" sizes=\"auto, (max-width: 141px) 100vw, 141px\" \/><\/a><\/div>\n<div><\/div>\n<div><a href=\"https:\/\/mnbruchepiemont.org\/WORDPRESS\/wp-content\/uploads\/2023_expo-nappe_duttlenheim_affichettesA5_v2.pdf\" class=\"pdfemb-viewer\" style=\"\" data-width=\"max\" data-height=\"max\" data-toolbar=\"bottom\" data-toolbar-fixed=\"on\">2023_expo nappe_duttlenheim_affichettesA5_v2<\/a><\/div>\n","protected":false},"excerpt":{"rendered":"<p>Visitez l&#8217;exposition p\u00e9dagogique anim\u00e9e par la Maison de la Nature sur la nappe phr\u00e9atique du Rhin sup\u00e9rieur pr\u00e9sent\u00e9e au Coll\u00e8ge Copernic Du 06 novembre au\u00a022 d\u00e9cembre 2023 Con\u00e7ue par la R\u00e9gion Alsace et de nombreux partenaires franco-allemands &#8211; dont l\u2019Ariena- &hellip; <a href=\"https:\/\/mnbruchepiemont.org\/?p=5735\">Continuer la lecture <span class=\"meta-nav\">&rarr;<\/span><\/a><\/p>\n","protected":false},"author":8,"featured_media":0,"comment_status":"closed","ping_status":"closed","sticky":false,"template":"","format":"standard","meta":{"footnotes":""},"categories":[25],"tags":[],"class_list":["post-5735","post","type-post","status-publish","format-standard","hentry","category-les-activites"],"_links":{"self":[{"href":"https:\/\/mnbruchepiemont.org\/index.php?rest_route=\/wp\/v2\/posts\/5735","targetHints":{"allow":["GET"]}}],"collection":[{"href":"https:\/\/mnbruchepiemont.org\/index.php?rest_route=\/wp\/v2\/posts"}],"about":[{"href":"https:\/\/mnbruchepiemont.org\/index.php?rest_route=\/wp\/v2\/types\/post"}],"author":[{"embeddable":true,"href":"https:\/\/mnbruchepiemont.org\/index.php?rest_route=\/wp\/v2\/users\/8"}],"replies":[{"embeddable":true,"href":"https:\/\/mnbruchepiemont.org\/index.php?rest_route=%2Fwp%2Fv2%2Fcomments&post=5735"}],"version-history":[{"count":7,"href":"https:\/\/mnbruchepiemont.org\/index.php?rest_route=\/wp\/v2\/posts\/5735\/revisions"}],"predecessor-version":[{"id":5747,"href":"https:\/\/mnbruchepiemont.org\/index.php?rest_route=\/wp\/v2\/posts\/5735\/revisions\/5747"}],"wp:attachment":[{"href":"https:\/\/mnbruchepiemont.org\/index.php?rest_route=%2Fwp%2Fv2%2Fmedia&parent=5735"}],"wp:term":[{"taxonomy":"category","embeddable":true,"href":"https:\/\/mnbruchepiemont.org\/index.php?rest_route=%2Fwp%2Fv2%2Fcategories&post=5735"},{"taxonomy":"post_tag","embeddable":true,"href":"https:\/\/mnbruchepiemont.org\/index.php?rest_route=%2Fwp%2Fv2%2Ftags&post=5735"}],"curies":[{"name":"wp","href":"https:\/\/api.w.org\/{rel}","templated":true}]}}