{"id":5561,"date":"2023-08-21T15:10:07","date_gmt":"2023-08-21T13:10:07","guid":{"rendered":"https:\/\/mnbruchepiemont.org\/?p=5561"},"modified":"2023-08-21T15:14:16","modified_gmt":"2023-08-21T13:14:16","slug":"programme-ete-2023","status":"publish","type":"post","link":"https:\/\/mnbruchepiemont.org\/?p=5561","title":{"rendered":"Programme \u00e9t\u00e9 2023"},"content":{"rendered":"<p><strong><span style=\"font-size: medium;\">Club nature * <b>6\/9 ans * du <\/b>10 au 13 juillet * 120\u20ac<br \/>\n<\/span><\/strong><span style=\"font-size: medium;\"><b>Le Grand Th\u00e9\u00e2tre myst\u00e9rieux de la for\u00eat<\/b><\/span><\/p>\n<p><span style=\"color: #0000ff;\"><u><a href=\"https:\/\/www.helloasso.com\/associations\/maison-de-la-nature-bruche-piemont\/evenements\/le-grand-theatre-mysterieux-de-la-foret\" target=\"_blank\" rel=\"noopener\">https:\/\/www.helloasso.com\/associations\/maison-de-la-nature-bruche-piemont\/evenements\/le-grand-theatre-mysterieux-de-la-foret<\/a><\/u><\/span><\/p>\n<p><span style=\"font-size: medium;\"><b><strong>Club nature * 10\/13 ans * du 10 au 13 juillet * 120\u20ac<\/strong><br \/>\nCabanes, radeaux, vannerie &#8230; Couteaux, scies, cordes\u2026 Bricolons sauvage<\/b><\/span><\/p>\n<p><span style=\"color: #0000ff;\"><u><a href=\"https:\/\/www.helloasso.com\/associations\/maison-de-la-nature-bruche-piemont\/evenements\/bricolons-sauvage-10-13-ans\" target=\"_blank\" rel=\"noopener\">https:\/\/www.helloasso.com\/associations\/maison-de-la-nature-bruche-piemont\/evenements\/bricolons-sauvage-10-13-ans<\/a><\/u><\/span><\/p>\n<p><strong>En route vers les portes du bonheur&#8230; * Mercredi 19 juillet 18h30 * 21h30<br \/>\nGratuit * inscriptions obligatoires :<\/strong><\/p>\n<p><a href=\"https:\/\/www.helloasso.com\/associations\/maison-de-la-nature-bruche-piemont\/evenements\/en-route-vers-les-portes-du-bonheur-famille\" target=\"_blank\" rel=\"noopener\">En route vers les portes du bonheur &#8211; famille (helloasso.com)<\/a><\/p>\n<p><strong><span style=\"font-size: medium;\">Club nature * 6\/9 ans *\u00a0 du 28 ao\u00fbt au 1<\/span><sup><span style=\"font-size: medium;\">er<\/span><\/sup><span style=\"font-size: medium;\"> septembre * 150\u20ac<br \/>\n<\/span><\/strong><span style=\"font-size: medium;\"><b>Super pouvoirs : tout est dans la nature<\/b><\/span><\/p>\n<p><span style=\"color: #0000ff;\"><u><a href=\"https:\/\/www.helloasso.com\/associations\/maison-de-la-nature-bruche-piemont\/evenements\/super-pouvoirs-tout-est-dans-la-nature-6-9-ans\" target=\"_blank\" rel=\"noopener\">https:\/\/www.helloasso.com\/associations\/maison-de-la-nature-bruche-piemont\/evenements\/super-pouvoirs-tout-est-dans-la-nature-6-9-ans<\/a><\/u><\/span><\/p>\n<p><span style=\"font-size: medium;\"><strong>Club nature * 10\/13 ans *\u00a0 du 28 ao\u00fbt au 1<sup>er<\/sup> septembre * 150\u20ac<\/strong><br \/>\n<\/span><span style=\"font-size: medium;\"><b>Terre, Feu, Eau et Air: les super h\u00e9ros de la nature<\/b><\/span><\/p>\n<p><span style=\"color: #0000ff;\"><u><a href=\"https:\/\/www.helloasso.com\/associations\/maison-de-la-nature-bruche-piemont\/evenements\/terre-feu-eau-et-air-les-super-heros-de-la-nature-10-13-ans\" target=\"_blank\" rel=\"noopener\">https:\/\/www.helloasso.com\/associations\/maison-de-la-nature-bruche-piemont\/evenements\/terre-feu-eau-et-air-les-super-heros-de-la-nature-10-13-ans<\/a><\/u><\/span><\/p>\n<p><span style=\"font-size: medium;\">Informations pratiques :<\/span><\/p>\n<p><span style=\"font-size: medium;\">&gt;RDV aux abris derri\u00e8re la salle polyvalente sur l&#8217;Espace Nature &#8211; Oberhaslach<\/span><\/p>\n<p><span style=\"font-size: medium;\">&gt;Arriv\u00e9es et d\u00e9parts \u00e9chelonn\u00e9s chaque jour 8h45 &#8211; 9h30 et 17h15 &#8211; 18h<\/span><\/p>\n<p><span style=\"font-size: medium;\">&gt;Pique-nique tir\u00e9 du sac<\/span><\/p>\n<p><span style=\"font-size: medium;\">&gt;Inscriptions possibles jusqu&#8217;au 03 juillet pour les accueils de juillet et jusqu\u2019au 28 juillet pour les accueils d\u2019ao\u00fbt<\/span><\/p>\n<p><span style=\"font-size: medium;\">Tenue d\u2019explorateur\u00a0: <\/span><\/p>\n<p><span style=\"font-size: medium;\">Chaussures de marche, casquette et veste selon m\u00e9t\u00e9o, pull, affaires de rechange si besoin, petite serviette dans ton sac \u00e0 dos, casse-cro\u00fbte et gourde d\u20191 litre minimum<\/span><\/p>\n<p>&nbsp;<\/p>\n<p><strong><span style=\"font-size: medium;\">S\u00e9jour *<b> 11\/15 ans<\/b> * du 24 au 28 juillet 23 * 290\u20ac<br \/>\n<\/span><\/strong><span style=\"font-size: medium;\"><b>Walktrip#3 camp ado itin\u00e9rant\u00a0<\/b><\/span><\/p>\n<p>Inscription\u00a0: <span style=\"color: #0000ff;\"><u><a href=\"https:\/\/www.helloasso.com\/associations\/maison-de-la-nature-bruche-piemont\/evenements\/walk-trip-3-camp-ado-itinerant-11-15-ans\" target=\"_blank\" rel=\"noopener\">https:\/\/www.helloasso.com\/associations\/maison-de-la-nature-bruche-piemont\/evenements\/walk-trip-3-camp-ado-itinerant-11-15-ans<\/a><\/u><\/span><\/p>\n<p>Pars \u00e0 l\u2019aventure au rythme du doux pas de l\u2019\u00e2ne, notre compagnon et guide de marche.<\/p>\n<p>Prends le temps de d\u00e9couvrir l\u2019environnement proche, de t\u2019\u00e9merveiller au plus pr\u00e8s de la nature pendant toute une semaine. Un p\u00e9riple au c\u0153ur du Champ du Feu et ses fabuleux paysages, du camping, une nuit \u00e0 la belle \u00e9toile, des veill\u00e9es autour du feu, des tonnes de souvenirs et un esprit de groupe t\u2019attendent \u2026<\/p>\n<p>&gt;Une r\u00e9union d\u2019information se tiendra le <strong>7 juillet<\/strong> afin de se rencontrer et r\u00e9pondre \u00e0 vos questions<\/p>\n<p>&gt;Bivouac mobile sous tente \u2013 autogestion<\/p>\n<p>&gt;S\u00e9jour d\u00e9clar\u00e9 Jeunesse et Sports<\/p>\n<p>&gt;En partenariat avec les \u00c2nes du Grand Spiess<\/p>\n<p>&gt; Requiert une premi\u00e8re exp\u00e9rience de la marche<\/p>\n<p>&gt;Nous nous r\u00e9servons le droit d\u2019annuler le s\u00e9jour<\/p>\n<p>&gt;L\u2019inscription n\u00e9cessite l\u2019adh\u00e9sion \u00e0 l\u2019association<\/p>\n<p>&nbsp;<\/p>\n<p><strong>S\u00e9jour<span style=\"font-size: medium;\"><b>\u00a0&#8211; <\/b><\/span><span style=\"font-size: medium;\"><b>8\/12 ans<\/b><\/span> * du 21 au 25 ao\u00fbt 23 * 290\u20ac<br \/>\n<\/strong><span style=\"font-size: medium;\"><b>Une semaine les pieds dans l&#8217;eau<\/b><\/span><\/p>\n<p>Inscription\u00a0:<span style=\"color: #0000ff;\"><u><a href=\"https:\/\/www.helloasso.com\/associations\/maison-de-la-nature-bruche-piemont\/evenements\/une-semaine-les-pieds-dans-l-eau-11-15-ans\" target=\"_blank\" rel=\"noopener\">https:\/\/www.helloasso.com\/associations\/maison-de-la-nature-bruche-piemont\/evenements\/une-semaine-les-pieds-dans-l-eau-8-12-ans<\/a><\/u><\/span><\/p>\n<p>Un grand nombre d&#8217;activit\u00e9s pour d\u00e9couvrir<span style=\"color: #333333;\"> le calme et la diversit\u00e9 de la nature au camping<\/span> et ses alentours tout en s&#8217;amusant et se d\u00e9tendant.<\/p>\n<p><span style=\"color: #333333;\">Au programme : baignades, moments calmes au bord de l&#8217;eau, observation des animaux gr\u00e2ce aux jumelles, p\u00eache \u00e0 l&#8217;\u00e9puisette pour d\u00e9couvrir les petites b\u00eates de l&#8217;eau, relaxation mais aussi cabanes, <\/span><span style=\"color: #333333;\">veill\u00e9es autour du feu et nuit \u00e0 la belle \u00e9toile\u2026<\/span><\/p>\n<p>&gt;Une r\u00e9union d\u2019information se tiendra le 24 juillet afin de se rencontrer et r\u00e9pondre \u00e0 vos questions<\/p>\n<p>&gt;Le s\u00e9jour se d\u00e9roule au camping Au Bord de Bruche \u2013 Rothau<\/p>\n<p>&gt;S\u00e9jour d\u00e9clar\u00e9 Jeunesse et Sports<\/p>\n<p>&gt;Nous nous r\u00e9servons le droit d\u2019annuler le s\u00e9jour<\/p>\n<p>&gt;L\u2019inscription n\u00e9cessite l\u2019adh\u00e9sion \u00e0 l\u2019association<\/p>\n<p>&nbsp;<\/p>\n<p>&nbsp;<\/p>\n<p><span style=\"font-size: medium;\"><b>COMMUN\u00a0:<\/b><\/span><\/p>\n<p><span style=\"font-size: medium;\">Inscription OBLIGATOIRE\u00a0: <\/span><\/p>\n<p><span style=\"color: #0000ff;\"><u><a href=\"https:\/\/www.helloasso.com\/associations\/maison-de-la-nature-bruche-piemont\"><span style=\"font-size: medium;\">https:\/\/www.helloasso.com\/associations\/maison-de-la-nature-bruche-piemont<\/span><\/a><\/u><\/span><\/p>\n<p><span style=\"font-size: medium;\">Adh\u00e9sion famille OBLIGATOIRE : <\/span><\/p>\n<p><span style=\"color: #0000ff;\"><u><a href=\"https:\/\/www.helloasso.com\/associations\/maison-de-la-nature-bruche-piemont\/adhesions\/adhesion-en-ligne-2023\">https:\/\/www.helloasso.com\/associations\/maison-de-la-nature-bruche-piemont\/adhesions\/adhesion-en-ligne-2023<\/a><\/u><\/span><\/p>\n<p><span style=\"font-size: medium;\">Dossier \u00e0 t\u00e9l\u00e9charger et \u00e0 remplir\u00a0: <\/span><\/p>\n<p><span style=\"color: #0000ff;\"><u><a href=\"https:\/\/mnbruchepiemont.org\/WORDPRESS\/?page_id=2965\">https:\/\/mnbruchepiemont.org\/WORDPRESS\/?page_id=2965<\/a><\/u><\/span><\/p>\n<p>[<\/p>\n<a href=\"https:\/\/mnbruchepiemont.org\/WORDPRESS\/wp-content\/uploads\/Club-et-Sejours-ETE-2023.pdf\" class=\"pdfemb-viewer\" style=\"\" data-width=\"max\" data-height=\"max\" data-toolbar=\"bottom\" data-toolbar-fixed=\"on\">Club et S\u00e9jours ETE 2023<\/a>\n<p>&nbsp;<\/p>\n","protected":false},"excerpt":{"rendered":"<p>Club nature * 6\/9 ans * du 10 au 13 juillet * 120\u20ac Le Grand Th\u00e9\u00e2tre myst\u00e9rieux de la for\u00eat https:\/\/www.helloasso.com\/associations\/maison-de-la-nature-bruche-piemont\/evenements\/le-grand-theatre-mysterieux-de-la-foret Club nature * 10\/13 ans * du 10 au 13 juillet * 120\u20ac Cabanes, radeaux, vannerie &#8230; Couteaux, scies, &hellip; <a href=\"https:\/\/mnbruchepiemont.org\/?p=5561\">Continuer la lecture <span class=\"meta-nav\">&rarr;<\/span><\/a><\/p>\n","protected":false},"author":8,"featured_media":0,"comment_status":"closed","ping_status":"closed","sticky":false,"template":"","format":"standard","meta":{"footnotes":""},"categories":[25],"tags":[],"class_list":["post-5561","post","type-post","status-publish","format-standard","hentry","category-les-activites"],"_links":{"self":[{"href":"https:\/\/mnbruchepiemont.org\/index.php?rest_route=\/wp\/v2\/posts\/5561","targetHints":{"allow":["GET"]}}],"collection":[{"href":"https:\/\/mnbruchepiemont.org\/index.php?rest_route=\/wp\/v2\/posts"}],"about":[{"href":"https:\/\/mnbruchepiemont.org\/index.php?rest_route=\/wp\/v2\/types\/post"}],"author":[{"embeddable":true,"href":"https:\/\/mnbruchepiemont.org\/index.php?rest_route=\/wp\/v2\/users\/8"}],"replies":[{"embeddable":true,"href":"https:\/\/mnbruchepiemont.org\/index.php?rest_route=%2Fwp%2Fv2%2Fcomments&post=5561"}],"version-history":[{"count":19,"href":"https:\/\/mnbruchepiemont.org\/index.php?rest_route=\/wp\/v2\/posts\/5561\/revisions"}],"predecessor-version":[{"id":5608,"href":"https:\/\/mnbruchepiemont.org\/index.php?rest_route=\/wp\/v2\/posts\/5561\/revisions\/5608"}],"wp:attachment":[{"href":"https:\/\/mnbruchepiemont.org\/index.php?rest_route=%2Fwp%2Fv2%2Fmedia&parent=5561"}],"wp:term":[{"taxonomy":"category","embeddable":true,"href":"https:\/\/mnbruchepiemont.org\/index.php?rest_route=%2Fwp%2Fv2%2Fcategories&post=5561"},{"taxonomy":"post_tag","embeddable":true,"href":"https:\/\/mnbruchepiemont.org\/index.php?rest_route=%2Fwp%2Fv2%2Ftags&post=5561"}],"curies":[{"name":"wp","href":"https:\/\/api.w.org\/{rel}","templated":true}]}}