{"id":5510,"date":"2023-06-07T21:03:42","date_gmt":"2023-06-07T19:03:42","guid":{"rendered":"https:\/\/mnbruchepiemont.org\/?p=5510"},"modified":"2023-07-07T19:15:03","modified_gmt":"2023-07-07T17:15:03","slug":"programmes-ete-2023","status":"publish","type":"post","link":"https:\/\/mnbruchepiemont.org\/?p=5510","title":{"rendered":"Programmes d\u00e9but \u00e9t\u00e9 2023"},"content":{"rendered":"<p><strong>Projection du film &#8220;Le retour fragile du Lynx&#8221; &#8211; 13 juin 2023 \u00e0 20h30<\/strong><br \/>\nde Laurent GESLIN<br \/>\nCin\u00e9ma Le Royal &#8211; Rothau<br \/>\nEntr\u00e9e &#8211; tarif r\u00e9duit<\/p>\n<p><strong>A la d\u00e9couverte du peuple de la nuit &#8211; 16 juin 2023 de 20h00 \u00e0\u00a0 23h00<br \/>\n<\/strong>Balades en for\u00eat de nuit &#8211; Exp\u00e9riences immersives dans la for\u00eat.<br \/>\nImmiscons-nous en douceur dans le monde de la nuit. Tous ensemble, partons \u00e0 la d\u00e9couverte de la faune nocturne \u00e0 travers des \u00e9coutes, des observations et d\u2019\u00e9ventuels indices au d\u00e9tour d\u2019une promenade.<br \/>\n\u00c9quipement : frontale ou lampe de poche, chaussures de marche, tenue chaude pour la tomb\u00e9e de la nuit, boisson.<br \/>\nAnimation grand public \u2013 famille par la Maison de la nature Bruche Pi\u00e9mont<br \/>\n<strong>PLACES LIMITEES &#8211; <\/strong><strong>GRATUIT &#8211; <\/strong><strong>SUR INSCRIPTION :<br \/>\n<\/strong><span id=\"OBJ_PREFIX_DWT153_com_zimbra_url\" class=\"Object\" role=\"link\"><span id=\"OBJ_PREFIX_DWT163_com_zimbra_url\" class=\"Object\" role=\"link\"><a href=\"https:\/\/nuitsdesforets.com\/evenement-2023\/a-la-decouverte-du-peuple-de-la-nuit\/?fbclid=IwAR0cuthAPp3y_7NEp-u0bxp8o3c1vz35aJG4f74NHG3Bvp3gi70c3E8M2AA\" target=\"_blank\" rel=\"nofollow noopener noreferrer\">https:\/\/nuitsdesforets.com\/evenement-2023\/a-la-decouverte-du-peuple-de-la-nuit\/?fbclid=IwAR0cuthAPp3y_7NEp-u0bxp8o3c1vz35aJG4f74NHG3Bvp3gi70c3E8M2AA<\/a><\/span><\/span><\/p>\n<p><strong>Conf\u00e9rence &#8220;Il \u00e9tait une fois le Lynx&#8221; &#8211; 17 juin 2023 \u00e0 17h30<\/strong><br \/>\npar l&#8217;historien Christophe WOEHRLE<br \/>\nSalle socio-culturelle &#8211; Place March\u00e9 &#8211; Schirmeck<br \/>\nEntr\u00e9e gratuite<\/p>\n<p><strong>Cin\u00e9 d\u00e9bat &#8220;La for\u00eat, c&#8217;est la classe&#8221; &#8211; 30 juin 2023 \u00e0 20h00<br \/>\n<\/strong>en pr\u00e9sence du r\u00e9alisateur Daniel Schlosser<br \/>\net du pr\u00e9sident de la Maison de la nature Jean-Claude Rodriguez<br \/>\nCin\u00e9ma Rohan &#8211; Mutzig<br \/>\nEntr\u00e9e 5 et 4 \u20ac<strong><br \/>\n<\/strong><\/p>\n<p><strong>&#8220;Aux Herbes Citoyens&#8221; &#8211; Cuisine de plantes sauvages- Atelier 2 \/ L&#8217;Et\u00e9&#8221; &#8211; 1er juillet 2023 de 9h00 \u00e0 12h30<br \/>\n<\/strong>Principes de base des animations de cette s\u00e9rie :<br \/>\nSortie et reconnaissance\/ r\u00e9colte\/ ateliers culinaires\/ \u00e9change et d\u00e9gustation<br \/>\nVenez apprendre \u00e0 reconnaitre et r\u00e9colter des plantes sauvages vitamin\u00e9es de l\u2019Et\u00e9.<br \/>\nApr\u00e8s r\u00e9colte, des ateliers culinaires (une plante= une recette)<br \/>\nvous seront propos\u00e9s suivis d\u2019une d\u00e9gustation \/\u00e9change en fin de demi-journ\u00e9e.<br \/>\nRapporter des petits paniers, appareil photo, petit cahier et un petit tup (s\u2019il y a des<br \/>\nrestes \u00e0 partager).<br \/>\nUn fichier \u00ab Et\u00e9 \u00bb vous sera offert avec des recettes vari\u00e9es et faciles \u00e0 faire chez soi .<br \/>\nParticipation :15 \u20ac &amp; adh\u00e9sion obligatoire (pour l\u2019ann\u00e9e 15\u20ac famille \/ 10\u20ac ind.)<br \/>\nRDV \u00e0 chez Rodriguez C et JC, 45 rue du Nideck, \u00e0 Oberhaslach, \u00e0 8H55<br \/>\nInscription obligatoire (car les places sont limit\u00e9es) sur le site<br \/>\n<a href=\"https:\/\/www.helloasso.com\/associations\/maison-de-la-nature-bruche-piemont\/evenements\/aux-herbes-citoyens-croquons-la-nature-2-l-ete\" target=\"_blank\" rel=\"noopener\">Aux herbes citoyens- croquons la nature 2: l\u2019\u00e9t\u00e9 (helloasso.com)<\/a><\/p>\n<p>&nbsp;<\/p>\n<p>&nbsp;<\/p>\n","protected":false},"excerpt":{"rendered":"<p>Projection du film &#8220;Le retour fragile du Lynx&#8221; &#8211; 13 juin 2023 \u00e0 20h30 de Laurent GESLIN Cin\u00e9ma Le Royal &#8211; Rothau Entr\u00e9e &#8211; tarif r\u00e9duit A la d\u00e9couverte du peuple de la nuit &#8211; 16 juin 2023 de 20h00 &hellip; <a href=\"https:\/\/mnbruchepiemont.org\/?p=5510\">Continuer la lecture <span class=\"meta-nav\">&rarr;<\/span><\/a><\/p>\n","protected":false},"author":8,"featured_media":0,"comment_status":"closed","ping_status":"closed","sticky":false,"template":"","format":"standard","meta":{"footnotes":""},"categories":[25],"tags":[],"class_list":["post-5510","post","type-post","status-publish","format-standard","hentry","category-les-activites"],"_links":{"self":[{"href":"https:\/\/mnbruchepiemont.org\/index.php?rest_route=\/wp\/v2\/posts\/5510","targetHints":{"allow":["GET"]}}],"collection":[{"href":"https:\/\/mnbruchepiemont.org\/index.php?rest_route=\/wp\/v2\/posts"}],"about":[{"href":"https:\/\/mnbruchepiemont.org\/index.php?rest_route=\/wp\/v2\/types\/post"}],"author":[{"embeddable":true,"href":"https:\/\/mnbruchepiemont.org\/index.php?rest_route=\/wp\/v2\/users\/8"}],"replies":[{"embeddable":true,"href":"https:\/\/mnbruchepiemont.org\/index.php?rest_route=%2Fwp%2Fv2%2Fcomments&post=5510"}],"version-history":[{"count":25,"href":"https:\/\/mnbruchepiemont.org\/index.php?rest_route=\/wp\/v2\/posts\/5510\/revisions"}],"predecessor-version":[{"id":5564,"href":"https:\/\/mnbruchepiemont.org\/index.php?rest_route=\/wp\/v2\/posts\/5510\/revisions\/5564"}],"wp:attachment":[{"href":"https:\/\/mnbruchepiemont.org\/index.php?rest_route=%2Fwp%2Fv2%2Fmedia&parent=5510"}],"wp:term":[{"taxonomy":"category","embeddable":true,"href":"https:\/\/mnbruchepiemont.org\/index.php?rest_route=%2Fwp%2Fv2%2Fcategories&post=5510"},{"taxonomy":"post_tag","embeddable":true,"href":"https:\/\/mnbruchepiemont.org\/index.php?rest_route=%2Fwp%2Fv2%2Ftags&post=5510"}],"curies":[{"name":"wp","href":"https:\/\/api.w.org\/{rel}","templated":true}]}}