{"id":5394,"date":"2023-01-05T11:15:34","date_gmt":"2023-01-05T10:15:34","guid":{"rendered":"https:\/\/mnbruchepiemont.org\/?p=5394"},"modified":"2023-01-14T14:32:10","modified_gmt":"2023-01-14T13:32:10","slug":"3-animations-en-janvier-pour-feter-lannee-2023","status":"publish","type":"post","link":"https:\/\/mnbruchepiemont.org\/?p=5394","title":{"rendered":"3 animations en janvier et 2 sorties en f\u00e9vrier 2023"},"content":{"rendered":"<p><span style=\"font-family: Arial, sans-serif;\"><span style=\"font-size: large;\"><span style=\"color: #373737;\"><strong><b>En <\/b><\/strong><strong><b>Jan<\/b><\/strong><strong><b>vier<\/b><\/strong><\/span><\/span><\/span><\/p>\n<p><span style=\"font-family: Arial, sans-serif;\"><span style=\"font-size: large;\"><span style=\"color: #373737;\">L\u2019\u00e9quipe b\u00e9n\u00e9vole de la Maison de la Nature Bruche Pi\u00e9mont a le plaisir de vous proposer trois animations nature en ce mois de janvier!<\/span><\/span><\/span><\/p>\n<p><a name=\"OBJ_PREFIX_DWT143_com_zimbra_date\"><\/a><a name=\"OBJ_PREFIX_DWT133_com_zimbra_date\"><\/a> <span style=\"color: #373737;\">\u2013 <span style=\"font-family: Arial, sans-serif;\"><span style=\"font-size: large;\">Atelier\u00a0\u201c<i><b>Produits m\u00e9nagers \u00e9cologiques\u201d\u00a0<\/b><\/i>le\u00a0samedi\u00a021 janvier de 9h \u00e0 12h dans nos locaux \u00e0 Oberhaslach (tarif 10\u20ac)<\/span><\/span><\/span><\/p>\n<p><a name=\"OBJ_PREFIX_DWT144_com_zimbra_date\"><\/a><a name=\"OBJ_PREFIX_DWT134_com_zimbra_date\"><\/a> <span style=\"color: #373737;\">\u2013 <span style=\"font-family: Arial, sans-serif;\"><span style=\"font-size: large;\">Sortie\u00a0\u201c<i><b>la for\u00eat Vosgienne en hiver\u201d\u00a0<\/b><\/i>au Donon le\u00a0samedi\u00a021 janvier de 8h45 \u00e0 12h (gratuit)<\/span><\/span><\/span><\/p>\n<p><a name=\"OBJ_PREFIX_DWT145_com_zimbra_date\"><\/a><a name=\"OBJ_PREFIX_DWT135_com_zimbra_date\"><\/a> <span style=\"color: #373737;\">\u2013 <span style=\"font-family: Arial, sans-serif;\"><span style=\"font-size: large;\">Sortie\u00a0\u201c<i><b>les oiseaux d\u2019eau du Rhin\u201d\u00a0<\/b><\/i>dimanche\u00a029 janvier \u00e0 Plobsheim et Rhinau-\u00a0 Kappel (d\u00e9part group\u00e9 \u00e0 Dorlisheim) de 9h \u00e0 18h gratuit hors repas).<\/span><\/span><\/span><\/p>\n<p><span style=\"font-family: Arial, sans-serif;\"><span style=\"font-size: large;\"><span style=\"color: #373737;\">Nous rappelons que ces animations sont destin\u00e9es aux membres \u00e0 jour de cotisation.<\/span><\/span><\/span><\/p>\n<p><a name=\"OBJ_PREFIX_DWT146_com_zimbra_url\"><\/a><a name=\"OBJ_PREFIX_DWT136_com_zimbra_url\"><\/a> <span style=\"color: #373737;\"><span style=\"font-family: Arial, sans-serif;\"><span style=\"font-size: large;\">Vous trouverez\u00a0<\/span><\/span><\/span><span style=\"color: #28a013;\"><span style=\"font-family: Arial, sans-serif;\"><span style=\"font-size: large;\"><a href=\"https:\/\/www.helloasso.com\/associations\/maison-de-la-nature-bruche-piemont?banner=true\" target=\"_blank\" rel=\"noopener\">ICI<\/a><\/span><\/span><\/span><span style=\"color: #373737;\"><span style=\"font-family: Arial, sans-serif;\"><span style=\"font-size: large;\">\u00a0les d\u00e9tails de ces animations ainsi que le formulaire d\u2019adh\u00e9sion en ligne.<\/span><\/span><\/span><\/p>\n<p><span style=\"font-family: Arial, sans-serif;\"><span style=\"font-size: large;\"><span style=\"color: #373737;\">Rejoignez-nous !<\/span><\/span><\/span><\/p>\n<p><span style=\"font-family: Arial, sans-serif;\"><span style=\"font-size: large;\"><span style=\"color: #373737;\">Bien n@turellement<\/span><\/span><\/span><\/p>\n<p><span style=\"color: #373737;\"><span style=\"font-family: Arial, sans-serif;\"><span style=\"font-size: large;\"><b><strong>En F\u00e9vrier<\/strong><\/b><\/span><\/span><\/span><\/p>\n<p><span style=\"color: #373737;\"><span style=\"font-family: Arial, sans-serif;\"><span style=\"font-size: large;\"><b><strong>&#8211; Source et vie en moyenne montagne<\/strong><\/b><\/span><\/span><\/span><\/p>\n<p><span style=\"color: #373737;\"><span style=\"font-family: Arial, sans-serif;\"><span style=\"font-size: large;\"><b><strong>18 f\u00e9vrier 2023<\/strong><\/b><\/span><\/span><\/span><span style=\"color: #373737;\"><span style=\"font-family: Arial, sans-serif;\"><span style=\"font-size: large;\">\u00a0de 9h15 \u00e0 12h15 \u2013 RDV Rothlach<\/span><\/span><\/span><\/p>\n<p><span style=\"font-family: Arial, sans-serif;\"><span style=\"font-size: large;\"><span style=\"color: #373737;\"><br \/>\n<span style=\"color: #050505;\">Venez d\u00e9couvrir la nature encore \u00e9veill\u00e9e autour de la source de l\u2019Ehn. Et non, tous les oiseaux ne migrent pas, tous les mammif\u00e8res n\u2019hibernent pas ! Suivez votre guide, pour peut-\u00eatre les apercevoir, dans une immersion ludique.<\/span><\/span><\/span><\/span><\/p>\n<p><span style=\"font-family: Arial, sans-serif;\"><span style=\"font-size: large;\"><span style=\"color: #373737;\"><span style=\"color: #050505;\">&gt;Promenade guid\u00e9e \u00e0 destination du public familiale pour d\u00e9couvrir le patrimoine naturel du Champ du Feu<br \/>\n<\/span><\/span><\/span><\/span><span style=\"font-family: Arial, sans-serif;\"><span style=\"font-size: large;\"><span style=\"color: #373737;\"><span style=\"color: #050505;\">&gt;Partenariat CeA et Agence de l\u2019Eau Rhin Meuse<br \/>\n<\/span><\/span><\/span><\/span><span style=\"font-family: Arial, sans-serif;\"><span style=\"font-size: large;\"><span style=\"color: #373737;\"><span style=\"color: #050505;\">&gt;Rdv arr\u00eat bus Rothlach \u2013 Prenez la navette des neiges 258<br \/>\n<\/span><\/span><\/span><\/span><span style=\"font-family: Arial, sans-serif;\"><span style=\"font-size: large;\"><span style=\"color: #373737;\"><span style=\"color: #050505;\">&gt;Equipement vestimentaire hivernal n\u00e9cessaire<br \/>\n<\/span><\/span><\/span><\/span><span style=\"font-family: Arial, sans-serif;\"><span style=\"font-size: large;\"><span style=\"color: #373737;\"><span style=\"color: #050505;\">&gt;Sortie sans difficult\u00e9s majeures<br \/>\n<\/span><\/span><\/span><\/span><span style=\"font-family: Arial, sans-serif;\"><span style=\"font-size: large;\"><span style=\"color: #373737;\"><span style=\"color: #050505;\">&gt;En cas de force majeure, la MNBP se r\u00e9serve le droit d\u2019annuler la sortie. Dans ce cas uniquement les participants seront rembours\u00e9s<\/span><\/span><\/span><\/span><\/p>\n<p><span style=\"color: #373737;\"><span style=\"font-family: Arial, sans-serif;\"><span style=\"font-size: large;\"><br \/>\n<\/span><\/span><\/span><span style=\"color: #65676b;\"><span style=\"font-family: Arial, sans-serif;\"><span style=\"font-size: large;\">Inscription\u00a0:\u00a0<\/span><\/span><\/span><span style=\"color: #28a013;\"><span style=\"font-family: Arial, sans-serif;\"><span style=\"font-size: large;\"><a href=\"http:\/\/www.helloasso.com\/associations\/maison-de-la-nature-bruche-piemont\/evenements\/source-et-vie-en-moyenne-montagne\" target=\"_blank\" rel=\"noopener\">Source-et-vie-en-moyenne-montagne<\/a><\/span><\/span><\/span><\/p>\n<p><span style=\"color: #373737;\"><span style=\"font-family: Arial, sans-serif;\"><span style=\"font-size: large;\"><br \/>\n&#8211; <\/span><\/span><\/span><span style=\"color: #373737;\"><span style=\"font-family: Arial, sans-serif;\"><span style=\"font-size: large;\"><b><strong>A la rencontre des grands mammif\u00e8res<\/strong><\/b><\/span><\/span><\/span><\/p>\n<p><span style=\"color: #373737;\"><span style=\"font-family: Arial, sans-serif;\"><span style=\"font-size: large;\"><b><strong>22 f\u00e9vrier 2023<\/strong><\/b><\/span><\/span><\/span><span style=\"color: #373737;\"><span style=\"font-family: Arial, sans-serif;\"><span style=\"font-size: large;\">\u00a0de 9h15 \u00e0 12h15 \u2013 RDV Rothlach<\/span><\/span><\/span><\/p>\n<p><span style=\"font-family: Arial, sans-serif;\"><span style=\"font-size: large;\"><span style=\"color: #373737;\"><br \/>\n<span style=\"color: #050505;\">Apr\u00e8s une promenade guid\u00e9e pour d\u00e9couvrir les principaux animaux forestiers, partez \u00e0 la recherche de leurs traces, empreintes, crottes etc. En les pistant, d\u00e9couvrez quelques indices de leur pr\u00e9sence\u2026 A vos jumelles !<br \/>\n<\/span><\/span><\/span><\/span><span style=\"font-family: Arial, sans-serif;\"><span style=\"font-size: large;\"><span style=\"color: #373737;\"><span style=\"color: #050505;\">&gt;Promenade guid\u00e9e \u00e0 destination du public familiale pour d\u00e9couvrir le patrimoine naturel du Champ du Feu<br \/>\n<\/span><\/span><\/span><\/span><span style=\"font-family: Arial, sans-serif;\"><span style=\"font-size: large;\"><span style=\"color: #373737;\"><span style=\"color: #050505;\">&gt;Partenariat CeA et Agence de l\u2019Eau Rhin Meuse<br \/>\n<\/span><\/span><\/span><\/span><span style=\"font-family: Arial, sans-serif;\"><span style=\"font-size: large;\"><span style=\"color: #373737;\"><span style=\"color: #050505;\">&gt;Rdv arr\u00eat bus Rothlach \u2013 Prenez la navette des neiges 258<br \/>\n<\/span><\/span><\/span><\/span><span style=\"font-family: Arial, sans-serif;\"><span style=\"font-size: large;\"><span style=\"color: #373737;\"><span style=\"color: #050505;\">&gt;Equipement vestimentaire hivernal n\u00e9cessaire \u2013 Apportez vos jumelles<br \/>\n<\/span><\/span><\/span><\/span><span style=\"font-family: Arial, sans-serif;\"><span style=\"font-size: large;\"><span style=\"color: #373737;\"><span style=\"color: #050505;\">&gt;Sortie sans difficult\u00e9s majeures<br \/>\n<\/span><\/span><\/span><\/span><span style=\"font-family: Arial, sans-serif;\"><span style=\"font-size: large;\"><span style=\"color: #373737;\"><span style=\"color: #050505;\">&gt;En cas de force majeure, la MNBP se r\u00e9serve le droit d\u2019annuler la sortie. Dans ce cas uniquement les participants seront rembours\u00e9s.<br \/>\n<\/span><\/span><\/span><\/span><\/p>\n<p><span style=\"color: #65676b;\"><span style=\"font-family: Arial, sans-serif;\"><span style=\"font-size: large;\">Inscription\u00a0:\u00a0<\/span><\/span><\/span><span style=\"color: #28a013;\"><span style=\"font-family: Arial, sans-serif;\"><span style=\"font-size: large;\"><a href=\"http:\/\/www.helloasso.com\/associations\/maison-de-la-nature-bruche-piemont\/evenements\/a-la-rencontre-des-grands-mammiferes\" target=\"_blank\" rel=\"noopener\">a-la-rencontre-des-grands-mammiferes<\/a><\/span><\/span><\/span><\/p>\n<p><a href=\"https:\/\/mnbruchepiemont.org\/WORDPRESS\/wp-content\/uploads\/CDFFevrier2023GP.jpg\"><img loading=\"lazy\" decoding=\"async\" class=\"alignnone size-medium wp-image-5407\" src=\"https:\/\/mnbruchepiemont.org\/WORDPRESS\/wp-content\/uploads\/CDFFevrier2023GP-212x300.jpg\" alt=\"\" width=\"212\" height=\"300\" srcset=\"https:\/\/mnbruchepiemont.org\/WORDPRESS\/wp-content\/uploads\/CDFFevrier2023GP-212x300.jpg 212w, https:\/\/mnbruchepiemont.org\/WORDPRESS\/wp-content\/uploads\/CDFFevrier2023GP-724x1024.jpg 724w, https:\/\/mnbruchepiemont.org\/WORDPRESS\/wp-content\/uploads\/CDFFevrier2023GP-768x1086.jpg 768w, https:\/\/mnbruchepiemont.org\/WORDPRESS\/wp-content\/uploads\/CDFFevrier2023GP-1086x1536.jpg 1086w, https:\/\/mnbruchepiemont.org\/WORDPRESS\/wp-content\/uploads\/CDFFevrier2023GP.jpg 1414w\" sizes=\"auto, (max-width: 212px) 100vw, 212px\" \/><\/a><\/p>\n","protected":false},"excerpt":{"rendered":"<p>En Janvier L\u2019\u00e9quipe b\u00e9n\u00e9vole de la Maison de la Nature Bruche Pi\u00e9mont a le plaisir de vous proposer trois animations nature en ce mois de janvier! \u2013 Atelier\u00a0\u201cProduits m\u00e9nagers \u00e9cologiques\u201d\u00a0le\u00a0samedi\u00a021 janvier de 9h \u00e0 12h dans nos locaux \u00e0 Oberhaslach &hellip; <a href=\"https:\/\/mnbruchepiemont.org\/?p=5394\">Continuer la lecture <span class=\"meta-nav\">&rarr;<\/span><\/a><\/p>\n","protected":false},"author":8,"featured_media":0,"comment_status":"closed","ping_status":"closed","sticky":false,"template":"","format":"standard","meta":{"footnotes":""},"categories":[25],"tags":[],"class_list":["post-5394","post","type-post","status-publish","format-standard","hentry","category-les-activites"],"_links":{"self":[{"href":"https:\/\/mnbruchepiemont.org\/index.php?rest_route=\/wp\/v2\/posts\/5394","targetHints":{"allow":["GET"]}}],"collection":[{"href":"https:\/\/mnbruchepiemont.org\/index.php?rest_route=\/wp\/v2\/posts"}],"about":[{"href":"https:\/\/mnbruchepiemont.org\/index.php?rest_route=\/wp\/v2\/types\/post"}],"author":[{"embeddable":true,"href":"https:\/\/mnbruchepiemont.org\/index.php?rest_route=\/wp\/v2\/users\/8"}],"replies":[{"embeddable":true,"href":"https:\/\/mnbruchepiemont.org\/index.php?rest_route=%2Fwp%2Fv2%2Fcomments&post=5394"}],"version-history":[{"count":12,"href":"https:\/\/mnbruchepiemont.org\/index.php?rest_route=\/wp\/v2\/posts\/5394\/revisions"}],"predecessor-version":[{"id":5419,"href":"https:\/\/mnbruchepiemont.org\/index.php?rest_route=\/wp\/v2\/posts\/5394\/revisions\/5419"}],"wp:attachment":[{"href":"https:\/\/mnbruchepiemont.org\/index.php?rest_route=%2Fwp%2Fv2%2Fmedia&parent=5394"}],"wp:term":[{"taxonomy":"category","embeddable":true,"href":"https:\/\/mnbruchepiemont.org\/index.php?rest_route=%2Fwp%2Fv2%2Fcategories&post=5394"},{"taxonomy":"post_tag","embeddable":true,"href":"https:\/\/mnbruchepiemont.org\/index.php?rest_route=%2Fwp%2Fv2%2Ftags&post=5394"}],"curies":[{"name":"wp","href":"https:\/\/api.w.org\/{rel}","templated":true}]}}