{"id":5385,"date":"2022-11-09T22:09:13","date_gmt":"2022-11-09T21:09:13","guid":{"rendered":"https:\/\/mnbruchepiemont.org\/?p=5385"},"modified":"2022-11-09T22:12:05","modified_gmt":"2022-11-09T21:12:05","slug":"agissons-ensemble-pour-le-climat-samedi-19-novembre-de-9h30-a-18h-au-lycee-camille-schneider-de-molsheim","status":"publish","type":"post","link":"https:\/\/mnbruchepiemont.org\/?p=5385","title":{"rendered":"\u201cAgissons ensemble pour le climat\u201d samedi 19 novembre de 9h30 \u00e0 18h au lyc\u00e9e Camille Schneider de Molsheim."},"content":{"rendered":"<p>La Maison de la Nature est partenaire de la journ\u00e9e<b>\u00a0\u201cAgissons ensemble pour le climat\u201d<\/b>\u00a0organis\u00e9e par le PETR Bruche Mossig le samedi 19 novembre de 9h30 \u00e0 18h au lyc\u00e9e Camille Schneider de Molsheim.<\/p>\n<p>Cet \u00e9v\u00e9nement rassemble \u00e9lus, entreprises, associations et particuliers du territoire Bruche Mossig et a pour finalit\u00e9 l\u2019information et la prise de conscience des possibilit\u00e9s de transitions \u00e0 l\u2019\u00e9chelle du territoire.<\/p>\n<p>La Maison de la Nature proposera une animation sur l\u2019eau, son pr\u00e9sident JC Rodriguez animera une conf\u00e9rence \u201creconnecter les enfants \u00e0 la nature\u201d et nous tiendrons toute la journ\u00e9e un stand d\u2019information et de jeux nature (9h30-18h).<\/p>\n<p>Tout au long de la journ\u00e9e, vous pourrez visiter des expositions et stands, voter pour un concours \u00ab\u00a0notre nature en photo\u00a0\u00bb et assister \u00e0 des conf\u00e9rences\u00a0!<\/p>\n<p>Buvette et restauration sur place- entr\u00e9e libre\u00a0!<\/p>\n<p>Plus d\u2019infos\u00a0:\u00a0<u><a href=\"https:\/\/bruche-mossig.fr\/actualites\/bruche-et-mossig-agissons-ensemble-pour-le-climat\/\" target=\"_blank\" rel=\"noopener\">https:\/\/bruche-mossig.fr\/actualites\/bruche-et-mossig-agissons-ensemble-pour-le-climat\/<\/a><\/u><\/p>\n<p>Venez nombreux, nous avons besoin de vous\u00a0!<\/p>\n<a href=\"https:\/\/mnbruchepiemont.org\/WORDPRESS\/wp-content\/uploads\/Affiche_evenement-climat-1911_V_FINALE.pdf\" class=\"pdfemb-viewer\" style=\"\" data-width=\"max\" data-height=\"max\" data-toolbar=\"bottom\" data-toolbar-fixed=\"on\">Affiche_evenement-climat-1911_V_FINALE<\/a>\n","protected":false},"excerpt":{"rendered":"<p>La Maison de la Nature est partenaire de la journ\u00e9e\u00a0\u201cAgissons ensemble pour le climat\u201d\u00a0organis\u00e9e par le PETR Bruche Mossig le samedi 19 novembre de 9h30 \u00e0 18h au lyc\u00e9e Camille Schneider de Molsheim. Cet \u00e9v\u00e9nement rassemble \u00e9lus, entreprises, associations et &hellip; <a href=\"https:\/\/mnbruchepiemont.org\/?p=5385\">Continuer la lecture <span class=\"meta-nav\">&rarr;<\/span><\/a><\/p>\n","protected":false},"author":8,"featured_media":0,"comment_status":"closed","ping_status":"closed","sticky":false,"template":"","format":"standard","meta":{"footnotes":""},"categories":[25],"tags":[],"class_list":["post-5385","post","type-post","status-publish","format-standard","hentry","category-les-activites"],"_links":{"self":[{"href":"https:\/\/mnbruchepiemont.org\/index.php?rest_route=\/wp\/v2\/posts\/5385","targetHints":{"allow":["GET"]}}],"collection":[{"href":"https:\/\/mnbruchepiemont.org\/index.php?rest_route=\/wp\/v2\/posts"}],"about":[{"href":"https:\/\/mnbruchepiemont.org\/index.php?rest_route=\/wp\/v2\/types\/post"}],"author":[{"embeddable":true,"href":"https:\/\/mnbruchepiemont.org\/index.php?rest_route=\/wp\/v2\/users\/8"}],"replies":[{"embeddable":true,"href":"https:\/\/mnbruchepiemont.org\/index.php?rest_route=%2Fwp%2Fv2%2Fcomments&post=5385"}],"version-history":[{"count":2,"href":"https:\/\/mnbruchepiemont.org\/index.php?rest_route=\/wp\/v2\/posts\/5385\/revisions"}],"predecessor-version":[{"id":5387,"href":"https:\/\/mnbruchepiemont.org\/index.php?rest_route=\/wp\/v2\/posts\/5385\/revisions\/5387"}],"wp:attachment":[{"href":"https:\/\/mnbruchepiemont.org\/index.php?rest_route=%2Fwp%2Fv2%2Fmedia&parent=5385"}],"wp:term":[{"taxonomy":"category","embeddable":true,"href":"https:\/\/mnbruchepiemont.org\/index.php?rest_route=%2Fwp%2Fv2%2Fcategories&post=5385"},{"taxonomy":"post_tag","embeddable":true,"href":"https:\/\/mnbruchepiemont.org\/index.php?rest_route=%2Fwp%2Fv2%2Ftags&post=5385"}],"curies":[{"name":"wp","href":"https:\/\/api.w.org\/{rel}","templated":true}]}}