{"id":5332,"date":"2022-09-01T21:06:30","date_gmt":"2022-09-01T19:06:30","guid":{"rendered":"https:\/\/mnbruchepiemont.org\/?p=5332"},"modified":"2022-10-04T11:00:02","modified_gmt":"2022-10-04T09:00:02","slug":"le-programme-septembre-octobre","status":"publish","type":"post","link":"https:\/\/mnbruchepiemont.org\/?p=5332","title":{"rendered":"Le programme Septembre &#8211; Octobre"},"content":{"rendered":"<p><a href=\"https:\/\/mnbruchepiemont.org\/WORDPRESS\/?event=concours-notre-nature-en-photo\" target=\"_blank\" rel=\"noopener\">concours \u201cNotre Nature en photo\u201d | Maison de la Nature Bruche Pi\u00e9mont (mnbruchepiemont.org)<\/a><\/p>\n<p><a href=\"https:\/\/mnbruchepiemont.org\/WORDPRESS\/?event=exposition-pedagogique-animee-par-la-maison-de-la-nature-sur-la-nappe-phreatique-du-rhin-superieur\" target=\"_blank\" rel=\"noopener\">Dans le cadre de BIOBERNAI, exposition p\u00e9dagogique anim\u00e9e par la Maison de la Nature sur la nappe phr\u00e9atique du Rhin sup\u00e9rieur. | Maison de la Nature Bruche Pi\u00e9mont (mnbruchepiemont.org)<\/a><\/p>\n<p><a href=\"https:\/\/mnbruchepiemont.org\/WORDPRESS\/?event=exposition-pedagogique-animee-par-la-maison-de-la-nature-sur-la-nappe-phreatique-du-rhin-superieur-2\" target=\"_blank\" rel=\"noopener\">Au Trempplin des Entreprises \u00e0 Mutzig, exposition p\u00e9dagogique anim\u00e9e par la Maison de la Nature sur la nappe phr\u00e9atique du Rhin sup\u00e9rieur. | Maison de la Nature Bruche Pi\u00e9mont (mnbruchepiemont.org)<\/a><\/p>\n<p>8 octobre<br \/>\n<a href=\"https:\/\/mnbruchepiemont.org\/WORDPRESS\/?event=les-probiotiques-cest-magique\" target=\"_blank\" rel=\"noopener\">Les PROBIOTIQUES, c\u2019est MAGIQUE\u00a0! | Maison de la Nature Bruche Pi\u00e9mont (mnbruchepiemont.org)<\/a><\/p>\n<p>9 octobre<br \/>\n<a href=\"https:\/\/mnbruchepiemont.org\/WORDPRESS\/?event=rencontre-sensorielle-avec-la-foret\" target=\"_blank\" rel=\"noopener\">\u00ab\u00a0Rencontre sensorielle avec la for\u00eat\u00a0\u00bb | Maison de la Nature Bruche Pi\u00e9mont (mnbruchepiemont.org)<\/a><\/p>\n<p>12 octobre<br \/>\n<a href=\"https:\/\/mnbruchepiemont.org\/WORDPRESS\/?event=les-essences-de-nos-forets-gestion-et-biodiversite\" target=\"_blank\" rel=\"noopener\">Les essences de nos for\u00eats \u2013 gestion et biodiversit\u00e9 | Maison de la Nature Bruche<\/a><a href=\"https:\/\/mnbruchepiemont.org\/WORDPRESS\/?event=les-essences-de-nos-forets-gestion-et-biodiversite\" target=\"_blank\" rel=\"noopener\"> Pi\u00e9mont (mnbruchepiemont.org)<\/a><\/p>\n<p>25 au 28 octobre<br \/>\n<a href=\"https:\/\/mnbruchepiemont.org\/WORDPRESS\/?event=les-couleurs-dautomne-6-12-ans\">Les couleurs d\u2019automne \u2013 6\/12 ans | Maison de la Nature Bruche Pi\u00e9mont (mnbruchepiemont.org)<\/a><\/p>\n<p>29 octobre<br \/>\n<a href=\"https:\/\/mnbruchepiemont.org\/WORDPRESS\/?event=fleuve-invisible-cine-echange-avec-serge-dumont\">Fleuve invisible Cin\u00e9-\u00e9change avec Serge Dumont | Maison de la Nature Bruche Pi\u00e9mont (mnbruchepiemont.org)<\/a><\/p>\n<p><a href=\"https:\/\/mnbruchepiemont.org\/WORDPRESS\/wp-content\/uploads\/V2LoisirAutomne22.png\"><img loading=\"lazy\" decoding=\"async\" class=\"alignnone size-medium wp-image-5374\" src=\"https:\/\/mnbruchepiemont.org\/WORDPRESS\/wp-content\/uploads\/V2LoisirAutomne22-212x300.png\" alt=\"\" width=\"212\" height=\"300\" srcset=\"https:\/\/mnbruchepiemont.org\/WORDPRESS\/wp-content\/uploads\/V2LoisirAutomne22-212x300.png 212w, https:\/\/mnbruchepiemont.org\/WORDPRESS\/wp-content\/uploads\/V2LoisirAutomne22-724x1024.png 724w, https:\/\/mnbruchepiemont.org\/WORDPRESS\/wp-content\/uploads\/V2LoisirAutomne22-768x1086.png 768w, https:\/\/mnbruchepiemont.org\/WORDPRESS\/wp-content\/uploads\/V2LoisirAutomne22-1086x1536.png 1086w, https:\/\/mnbruchepiemont.org\/WORDPRESS\/wp-content\/uploads\/V2LoisirAutomne22.png 1414w\" sizes=\"auto, (max-width: 212px) 100vw, 212px\" \/><\/a><\/p>\n","protected":false},"excerpt":{"rendered":"<p>concours \u201cNotre Nature en photo\u201d | Maison de la Nature Bruche Pi\u00e9mont (mnbruchepiemont.org) Dans le cadre de BIOBERNAI, exposition p\u00e9dagogique anim\u00e9e par la Maison de la Nature sur la nappe phr\u00e9atique du Rhin sup\u00e9rieur. | Maison de la Nature Bruche &hellip; <a href=\"https:\/\/mnbruchepiemont.org\/?p=5332\">Continuer la lecture <span class=\"meta-nav\">&rarr;<\/span><\/a><\/p>\n","protected":false},"author":8,"featured_media":0,"comment_status":"closed","ping_status":"closed","sticky":false,"template":"","format":"standard","meta":{"footnotes":""},"categories":[25],"tags":[],"class_list":["post-5332","post","type-post","status-publish","format-standard","hentry","category-les-activites"],"_links":{"self":[{"href":"https:\/\/mnbruchepiemont.org\/index.php?rest_route=\/wp\/v2\/posts\/5332","targetHints":{"allow":["GET"]}}],"collection":[{"href":"https:\/\/mnbruchepiemont.org\/index.php?rest_route=\/wp\/v2\/posts"}],"about":[{"href":"https:\/\/mnbruchepiemont.org\/index.php?rest_route=\/wp\/v2\/types\/post"}],"author":[{"embeddable":true,"href":"https:\/\/mnbruchepiemont.org\/index.php?rest_route=\/wp\/v2\/users\/8"}],"replies":[{"embeddable":true,"href":"https:\/\/mnbruchepiemont.org\/index.php?rest_route=%2Fwp%2Fv2%2Fcomments&post=5332"}],"version-history":[{"count":10,"href":"https:\/\/mnbruchepiemont.org\/index.php?rest_route=\/wp\/v2\/posts\/5332\/revisions"}],"predecessor-version":[{"id":5381,"href":"https:\/\/mnbruchepiemont.org\/index.php?rest_route=\/wp\/v2\/posts\/5332\/revisions\/5381"}],"wp:attachment":[{"href":"https:\/\/mnbruchepiemont.org\/index.php?rest_route=%2Fwp%2Fv2%2Fmedia&parent=5332"}],"wp:term":[{"taxonomy":"category","embeddable":true,"href":"https:\/\/mnbruchepiemont.org\/index.php?rest_route=%2Fwp%2Fv2%2Fcategories&post=5332"},{"taxonomy":"post_tag","embeddable":true,"href":"https:\/\/mnbruchepiemont.org\/index.php?rest_route=%2Fwp%2Fv2%2Ftags&post=5332"}],"curies":[{"name":"wp","href":"https:\/\/api.w.org\/{rel}","templated":true}]}}