{"id":5138,"date":"2022-04-01T13:51:40","date_gmt":"2022-04-01T11:51:40","guid":{"rendered":"https:\/\/mnbruchepiemont.org\/?p=5138"},"modified":"2022-04-01T13:51:40","modified_gmt":"2022-04-01T11:51:40","slug":"conference-la-foret-comme-solution-aux-dereglements-climatiques-le-29-avril-2022-a-20h","status":"publish","type":"post","link":"https:\/\/mnbruchepiemont.org\/?p=5138","title":{"rendered":"Conf\u00e9rence \u2013 \u00ab La for\u00eat comme solution aux d\u00e9r\u00e8glements climatiques \u00bb le 29 avril 2022 \u00e0 20h"},"content":{"rendered":"<div>\n<div class=\"\">\n<div class=\"rq0escxv l9j0dhe7 du4w35lb j83agx80 pfnyh3mw taijpn5t gs1a9yip owycx6da btwxx1t3 ihqw7lf3 cddn0xzi\">\n<div class=\"rq0escxv l9j0dhe7 du4w35lb j83agx80 cbu4d94t hpfvmrgz rj1gh0hx buofh1pr g5gj957u hv4rvrfc dati1w0a marjyy4e\">\n<div class=\"k4urcfbm nqmvxvec\">\n<div class=\"rq0escxv l9j0dhe7 du4w35lb j83agx80 pfnyh3mw i1fnvgqd aovydwv3 owycx6da btwxx1t3 d1544ag0 tw6a2znq discj3wi o22cckgh fop5sh7t obtkqiv7 sv5sfqaa\">\n<div class=\"rq0escxv l9j0dhe7 du4w35lb j83agx80 cbu4d94t d2edcug0 hpfvmrgz rj1gh0hx buofh1pr g5gj957u dflh9lhu scb9dxdr sj5x9vvc cxgpxx05\">\n<div class=\"j83agx80 cbu4d94t obtkqiv7 sv5sfqaa\">\n<div>\n<h2 class=\"gmql0nx0 l94mrbxd p1ri9a11 lzcic4wl d2edcug0 hpfvmrgz\" dir=\"auto\"><span class=\"d2edcug0 hpfvmrgz qv66sw1b c1et5uql lr9zc1uh a8c37x1j fe6kdd0r mau55g9w c8b282yb keod5gw0 nxhoafnm aigsh9s9 d3f4x2em iv3no6db jq4qci2q a3bd9o3v b1v8xokw oo9gr5id hzawbc8m\" dir=\"auto\">Salle des f\u00eates &#8211; Krautergersheim<\/span><span class=\"d2edcug0 hpfvmrgz qv66sw1b c1et5uql lr9zc1uh a8c37x1j fe6kdd0r mau55g9w c8b282yb keod5gw0 nxhoafnm aigsh9s9 d3f4x2em iv3no6db jq4qci2q a3bd9o3v b1v8xokw oo9gr5id hzawbc8m\" dir=\"auto\">Dur\u00e9e : 2 h 30 min\u00a0<\/span><\/h2>\n<h2 class=\"gmql0nx0 l94mrbxd p1ri9a11 lzcic4wl d2edcug0 hpfvmrgz\" dir=\"auto\">Avec la Maison de la Nature du ried et d&#8217;Alsace centrale<\/h2>\n<div class=\"dati1w0a hv4rvrfc\">\n<div class=\"p75sslyk\">\n<div class=\"kvgmc6g5 cxmmr5t8 oygrvhab hcukyx3x c1et5uql\">\n<div>\n<div class=\"\">\n<div class=\"rq0escxv l9j0dhe7 du4w35lb j83agx80 pfnyh3mw taijpn5t gs1a9yip owycx6da btwxx1t3 ihqw7lf3 cddn0xzi\">\n<div class=\"rq0escxv l9j0dhe7 du4w35lb j83agx80 cbu4d94t hpfvmrgz rj1gh0hx buofh1pr g5gj957u hv4rvrfc dati1w0a marjyy4e\">\n<div class=\"k4urcfbm nqmvxvec\">\n<div class=\"rq0escxv l9j0dhe7 du4w35lb j83agx80 pfnyh3mw i1fnvgqd aovydwv3 owycx6da btwxx1t3 d1544ag0 tw6a2znq discj3wi o22cckgh fop5sh7t obtkqiv7 sv5sfqaa\">\n<div class=\"rq0escxv l9j0dhe7 du4w35lb j83agx80 cbu4d94t d2edcug0 hpfvmrgz rj1gh0hx buofh1pr g5gj957u dflh9lhu scb9dxdr sj5x9vvc cxgpxx05\">\n<div>\n<div class=\"j83agx80 cbu4d94t obtkqiv7 sv5sfqaa\">\n<div class=\"kvgmc6g5 cxmmr5t8 oygrvhab hcukyx3x c1et5uql\"><span class=\"d2edcug0 hpfvmrgz qv66sw1b c1et5uql lr9zc1uh a8c37x1j fe6kdd0r mau55g9w c8b282yb keod5gw0 nxhoafnm aigsh9s9 d3f4x2em iv3no6db jq4qci2q a3bd9o3v b1v8xokw oo9gr5id hzawbc8m\" dir=\"auto\">\u00c9v\u00e8nement dans le cadre\u00a0<strong>d<span id=\"OBJ_PREFIX_DWT144_com_zimbra_url\" class=\"Object\" role=\"link\"><a tabindex=\"0\" href=\"https:\/\/www.facebook.com\/ateliersdelatransition\/\" target=\"_blank\" rel=\"nofollow noopener noreferrer\">es ateliers de la transition<\/a><\/span><\/strong>\u00a0et en partenariat avec\u00a0<strong><span id=\"OBJ_PREFIX_DWT145_com_zimbra_url\" class=\"Object\" role=\"link\"><a tabindex=\"0\" href=\"https:\/\/www.facebook.com\/maisondelanaturebruchepiemont\/\" target=\"_blank\" rel=\"nofollow noopener noreferrer\">La Maison de la Nature du ried et d&#8217;Alsace centrale &#8211; organisateur<\/a><\/span><\/strong><\/span><\/div>\n<div class=\"kvgmc6g5 cxmmr5t8 oygrvhab hcukyx3x c1et5uql\">A travers une conf\u00e9rence, Francis Hall\u00e9, botaniste, biologiste et autour de nombreux ouvrages de renomm\u00e9e internationale, nous exposera son projet de cr\u00e9ation d&#8217;une for\u00eat primaire dans les Vosges du Nord et nous apportera son regard sur les enjeux forestiers et les solutions ad\u00e9quates pour les revitaliser.<\/div>\n<\/div>\n<\/div>\n<\/div>\n<\/div>\n<\/div>\n<\/div>\n<\/div>\n<\/div>\n<\/div>\n<div class=\"bp9cbjyn j83agx80 cbu4d94t d2edcug0\">\n<div class=\"d2edcug0\">\n<div class=\"rq0escxv d2edcug0 ecyo15nh hv4rvrfc dati1w0a discj3wi\">\n<div class=\"rq0escxv l9j0dhe7 du4w35lb pfnyh3mw gs1a9yip j83agx80 btwxx1t3 taijpn5t kbz25j0m sv5sfqaa o22cckgh obtkqiv7 fop5sh7t\">\n<div class=\"rq0escxv l9j0dhe7 du4w35lb hpfvmrgz buofh1pr g5gj957u aov4n071 oi9244e8 bi6gxh9e h676nmdw aghb5jc5 gile2uim qmfd67dx\">\n<div class=\"sjgh65i0\">\n<div class=\"j83agx80 l9j0dhe7 k4urcfbm\">\n<div class=\"rq0escxv l9j0dhe7 du4w35lb hybvsw6c io0zqebd m5lcvass fbipl8qg nwvqtn77 k4urcfbm ni8dbmo4 stjgntxs sbcfpzgs\">\n<div class=\"discj3wi ihqw7lf3\">\n<div class=\"dati1w0a hv4rvrfc\">\n<div class=\"p75sslyk\">\n<div class=\"cxmmr5t8 oygrvhab hcukyx3x c1et5uql o9v6fnle\">Cette conf\u00e9rence est organis\u00e9e en partenariat avec la Maison de la Nature Bruche Pi\u00e9mont.<\/div>\n<\/div>\n<\/div>\n<\/div>\n<\/div>\n<\/div>\n<\/div>\n<\/div>\n<\/div>\n<\/div>\n<\/div>\n<\/div>\n<\/div>\n<div class=\"cxmmr5t8 oygrvhab hcukyx3x c1et5uql o9v6fnle\">Prix libre et conscient<\/div>\n<div class=\"cxmmr5t8 oygrvhab hcukyx3x c1et5uql o9v6fnle\">Dans le cadre des ateliers de la transition \u00e9cologique organis\u00e9s par la Maison de la Nature du Ried et d&#8217;Alsace centrale<\/div>\n<\/div>\n<\/div>\n<\/div>\n<div class=\"bi6gxh9e aov4n071\"><\/div>\n<\/div>\n<\/div>\n<\/div>\n<\/div>\n<\/div>\n<\/div>\n<\/div>\n<\/div>\n<div class=\"bp9cbjyn j83agx80 cbu4d94t d2edcug0\">\n<div class=\"d2edcug0\">\n<div class=\"rq0escxv d2edcug0 ecyo15nh hv4rvrfc dati1w0a discj3wi\">\n<div class=\"rq0escxv l9j0dhe7 du4w35lb pfnyh3mw gs1a9yip j83agx80 btwxx1t3 taijpn5t kbz25j0m sv5sfqaa o22cckgh obtkqiv7 fop5sh7t\">\n<div class=\"rq0escxv l9j0dhe7 du4w35lb hpfvmrgz buofh1pr g5gj957u aov4n071 oi9244e8 bi6gxh9e h676nmdw aghb5jc5 gile2uim qmfd67dx\">\n<div class=\"sjgh65i0\">\n<div class=\"j83agx80 l9j0dhe7 k4urcfbm\">\n<div class=\"rq0escxv l9j0dhe7 du4w35lb hybvsw6c io0zqebd m5lcvass fbipl8qg nwvqtn77 k4urcfbm ni8dbmo4 stjgntxs sbcfpzgs\">\n<div class=\"discj3wi ihqw7lf3\">\n<div class=\"dati1w0a hv4rvrfc\">\n<div class=\"p75sslyk\">\n<div class=\"cxmmr5t8 oygrvhab hcukyx3x c1et5uql o9v6fnle\">&#8212;&#8212;&#8212;&#8212;&#8212;&#8212;&#8212;&#8212;&#8212;&#8212;&#8212;&#8212;&#8212;&#8212;&#8212;&#8212;&#8212;&#8212;&#8212;&#8212;&#8212;&#8212;&#8212;&#8212;&#8212;&#8212;-<br \/>\n<a href=\"https:\/\/www.helloasso.com\/associations\/maison-de-la-nature-du-ried-et-de-l-alsace-central?_gl=1%2az1mh36%2a_ga%2aMTE4ODMzMjk5MC4xNjMwMzM0NTQ1%2a_ga_TKC826G3G2%2aMTYzMDMzNDU0NC4xLjEuMTYzMDMzNDYwNS4w&amp;_ga=2.89868891.152352940.1630334546-1188332990.1630334545&amp;fbclid=IwAR0J6DgnNKsL0L5xlrCaioUkXm1iiJHcn40ZuxtUzV2TO3F6rHC1DGKVDfA\" target=\"_blank\" rel=\"noopener\">Inscription sur la plateforme HelloAsso<\/a><br \/>\npar t\u00e9l\u00e9phone au\u00a0<span id=\"OBJ_PREFIX_DWT147_com_zimbra_phone\" class=\"Object\" role=\"link\"><a href=\"callto:03 88 85 84 86\">03 88 85 84 86<\/a><\/span>\u00a0ou par mail \u00e0\u00a0<span id=\"OBJ_PREFIX_DWT148_ZmEmailObjectHandler\" class=\"Object\" role=\"link\"><a href=\"mailto:zoe.lambrech@maisonnaturemutt.org\" target=\"_blank\" rel=\"nofollow noopener noreferrer\">zoe.lambrech@maisonnaturemutt.org<\/a><\/span><br \/>\nPrix libre et conscient<\/div>\n<\/div>\n<div><a href=\"https:\/\/mnbruchepiemont.org\/?attachment_id=5099\" rel=\"attachment wp-att-5099\"><img loading=\"lazy\" decoding=\"async\" class=\"alignnone size-medium wp-image-5099\" src=\"https:\/\/mnbruchepiemont.org\/WORDPRESS\/wp-content\/uploads\/FrancisHalle-300x200.jpg\" alt=\"\" width=\"300\" height=\"200\" srcset=\"https:\/\/mnbruchepiemont.org\/WORDPRESS\/wp-content\/uploads\/FrancisHalle-300x200.jpg 300w, https:\/\/mnbruchepiemont.org\/WORDPRESS\/wp-content\/uploads\/FrancisHalle-768x511.jpg 768w, https:\/\/mnbruchepiemont.org\/WORDPRESS\/wp-content\/uploads\/FrancisHalle-451x300.jpg 451w, https:\/\/mnbruchepiemont.org\/WORDPRESS\/wp-content\/uploads\/FrancisHalle.jpg 960w\" sizes=\"auto, (max-width: 300px) 100vw, 300px\" \/><\/a><\/div>\n<\/div>\n<\/div>\n<\/div>\n<\/div>\n<\/div>\n<\/div>\n<\/div>\n<\/div>\n<\/div>\n<\/div>\n","protected":false},"excerpt":{"rendered":"<p>Salle des f\u00eates &#8211; KrautergersheimDur\u00e9e : 2 h 30 min\u00a0 Avec la Maison de la Nature du ried et d&#8217;Alsace centrale \u00c9v\u00e8nement dans le cadre\u00a0des ateliers de la transition\u00a0et en partenariat avec\u00a0La Maison de la Nature du ried et d&#8217;Alsace &hellip; <a href=\"https:\/\/mnbruchepiemont.org\/?p=5138\">Continuer la lecture <span class=\"meta-nav\">&rarr;<\/span><\/a><\/p>\n","protected":false},"author":8,"featured_media":0,"comment_status":"closed","ping_status":"closed","sticky":false,"template":"","format":"standard","meta":{"footnotes":""},"categories":[25],"tags":[],"class_list":["post-5138","post","type-post","status-publish","format-standard","hentry","category-les-activites"],"_links":{"self":[{"href":"https:\/\/mnbruchepiemont.org\/index.php?rest_route=\/wp\/v2\/posts\/5138","targetHints":{"allow":["GET"]}}],"collection":[{"href":"https:\/\/mnbruchepiemont.org\/index.php?rest_route=\/wp\/v2\/posts"}],"about":[{"href":"https:\/\/mnbruchepiemont.org\/index.php?rest_route=\/wp\/v2\/types\/post"}],"author":[{"embeddable":true,"href":"https:\/\/mnbruchepiemont.org\/index.php?rest_route=\/wp\/v2\/users\/8"}],"replies":[{"embeddable":true,"href":"https:\/\/mnbruchepiemont.org\/index.php?rest_route=%2Fwp%2Fv2%2Fcomments&post=5138"}],"version-history":[{"count":2,"href":"https:\/\/mnbruchepiemont.org\/index.php?rest_route=\/wp\/v2\/posts\/5138\/revisions"}],"predecessor-version":[{"id":5140,"href":"https:\/\/mnbruchepiemont.org\/index.php?rest_route=\/wp\/v2\/posts\/5138\/revisions\/5140"}],"wp:attachment":[{"href":"https:\/\/mnbruchepiemont.org\/index.php?rest_route=%2Fwp%2Fv2%2Fmedia&parent=5138"}],"wp:term":[{"taxonomy":"category","embeddable":true,"href":"https:\/\/mnbruchepiemont.org\/index.php?rest_route=%2Fwp%2Fv2%2Fcategories&post=5138"},{"taxonomy":"post_tag","embeddable":true,"href":"https:\/\/mnbruchepiemont.org\/index.php?rest_route=%2Fwp%2Fv2%2Ftags&post=5138"}],"curies":[{"name":"wp","href":"https:\/\/api.w.org\/{rel}","templated":true}]}}