{"id":5108,"date":"2022-03-30T10:24:30","date_gmt":"2022-03-30T08:24:30","guid":{"rendered":"https:\/\/mnbruchepiemont.org\/?p=5108"},"modified":"2022-03-30T18:05:52","modified_gmt":"2022-03-30T16:05:52","slug":"invitation-assemblee-generale-le-22-avril-2022","status":"publish","type":"post","link":"https:\/\/mnbruchepiemont.org\/?p=5108","title":{"rendered":"Invitation Assembl\u00e9e G\u00e9n\u00e9rale le 8 Avril 2022 \u00e0 18h00"},"content":{"rendered":"<p class=\"western\" align=\"center\"><span style=\"font-family: Calibri, sans-serif;\"><span style=\"font-size: 300%;\"><b>Vendredi 8 avril <\/b><\/span><\/span><\/p>\n<p class=\"western\" align=\"center\"><span style=\"font-family: Calibri, sans-serif;\"><span style=\"font-size: 300%;\"><b>en mairie d\u2019Oberhaslach<\/b><\/span><\/span><\/p>\n<p class=\"western\"><span style=\"color: #000000;\"><span style=\"font-family: Calibri, sans-serif;\"><span style=\"font-size: xx-large;\"><b>18h : <\/b><\/span><\/span><\/span><span style=\"color: #000000;\"><span style=\"font-family: Calibri, sans-serif;\"><span style=\"font-size: xx-large;\"><u><b>Assembl\u00e9e G\u00e9n\u00e9rale statutaire<\/b><\/u><\/span><\/span><\/span><\/p>\n<p class=\"western\"><span style=\"color: #000000;\"><span style=\"font-family: Calibri, sans-serif;\"><span style=\"font-size: xx-large;\"><b>Tous les membres \u00e0 jour de cotisation peuvent participer aux votes! Adh\u00e9sion en ligne <\/b><\/span><\/span><\/span><a href=\"https:\/\/www.helloasso.com\/associations\/maison-de-la-nature-bruche-piemont\/adhesions\/adhesion-en-ligne-2022\" target=\"_blank\" rel=\"noopener\"><span style=\"color: #ccccff;\"><span style=\"font-family: Calibri, sans-serif;\"><span style=\"font-size: xx-large;\"><u><b>ICI<\/b><\/u><\/span><\/span><\/span><\/a><span style=\"color: #000000;\"><span style=\"font-family: Calibri, sans-serif;\"><span style=\"font-size: xx-large;\"><b>!<\/b><\/span><\/span><\/span><\/p>\n<p class=\"western\"><span style=\"color: #000000;\"><span style=\"font-family: Calibri, sans-serif;\"><span style=\"font-size: xx-large;\"><b>19h15 : <\/b><\/span><\/span><\/span><span style=\"color: #000000;\"><span style=\"font-family: Calibri, sans-serif;\"><span style=\"font-size: xx-large;\"><b>conf\u00e9rence<\/b><\/span><\/span><\/span><b> <\/b><\/p>\n<p class=\"western\"><span style=\"color: #000000;\"><span style=\"font-family: Calibri, sans-serif;\"><span style=\"font-size: xx-large;\"><i><b>\u00ab\u00a0Pourquoi cr\u00e9er un potager en permaculture\u00a0\u00bb<\/b><\/i><\/span><\/span><\/span><b> <\/b><\/p>\n<p class=\"western\"><span style=\"color: #000000;\"><span style=\"font-family: Calibri, sans-serif;\"><span style=\"font-size: xx-large;\"><b>par Jules SCHNUR, responsable du collectif PERM \u00e0 WANGEN <\/b><\/span><\/span><\/span><a href=\"http:\/\/www.pensersauvage.fr\/\" target=\"_blank\" rel=\"noopener\"><span style=\"color: #ccccff;\"><span style=\"font-family: Calibri, sans-serif;\"><span style=\"font-size: xx-large;\"><u><b>http:\/\/www.pensersauvage.fr\/<\/b><\/u><\/span><\/span><\/span><\/a><\/p>\n<h1 class=\"western\"><span style=\"font-size: xx-large;\">Verre de l\u2019amiti\u00e9<\/span><\/h1>\n<p class=\"western\"><span style=\"color: #000000;\"><span style=\"font-family: Calibri, sans-serif;\"><span style=\"font-size: xx-large;\"><b>Merci de signaler votre pr\u00e9sence \u00e0 <\/b><\/span><\/span><\/span><a href=\"mailto:escandella@free.fr\" target=\"_blank\" rel=\"noopener\"><span style=\"color: #ccccff;\"><span style=\"font-family: Calibri, sans-serif;\"><span style=\"font-size: xx-large;\"><u><b>escandella@free.fr<\/b><\/u><\/span><\/span><\/span><\/a><\/p>\n<p class=\"western\" align=\"center\"><a href=\"https:\/\/fr-fr.facebook.com\/maisondelanaturebruchepiemont\/\" target=\"_blank\" rel=\"noopener\"><span style=\"font-size: xx-large;\">Nous sommes sur facebook<\/span><\/a><\/p>\n<p class=\"western\" style=\"text-align: left;\" align=\"right\"><span style=\"font-family: Calibri, sans-serif;\"><span style=\"font-size: large;\"><b><a href=\"https:\/\/mnbruchepiemont.org\/?attachment_id=5125\" rel=\"attachment wp-att-5125\">La permaculture est un concept syst\u00e9mique qui vise \u00e0 cr\u00e9er des syst\u00e8mes durables, r\u00e9silients, autonomes et \u00e0 faibles impacts \u00e9cologiques en s\u2019inspirant de la nature.<br \/>\nSes 3 grands principes sont : le respect de la nature, le respect de l\u2019homme et le partage \u00e9quitable des ressources naturelles<\/a><a href=\"https:\/\/mnbruchepiemont.org\/?attachment_id=5125\" rel=\"attachment wp-att-5125\"><img loading=\"lazy\" decoding=\"async\" class=\"alignleft wp-image-5125 size-full\" src=\"https:\/\/mnbruchepiemont.org\/WORDPRESS\/wp-content\/uploads\/Photo-permaculture.jpg\" alt=\"\" width=\"1024\" height=\"710\" srcset=\"https:\/\/mnbruchepiemont.org\/WORDPRESS\/wp-content\/uploads\/Photo-permaculture.jpg 1024w, https:\/\/mnbruchepiemont.org\/WORDPRESS\/wp-content\/uploads\/Photo-permaculture-300x208.jpg 300w, https:\/\/mnbruchepiemont.org\/WORDPRESS\/wp-content\/uploads\/Photo-permaculture-768x533.jpg 768w, https:\/\/mnbruchepiemont.org\/WORDPRESS\/wp-content\/uploads\/Photo-permaculture-433x300.jpg 433w\" sizes=\"auto, (max-width: 1024px) 100vw, 1024px\" \/><\/a><\/b><\/span><\/span><\/p>\n<p>&nbsp;<\/p>\n","protected":false},"excerpt":{"rendered":"<p>Vendredi 8 avril en mairie d\u2019Oberhaslach 18h : Assembl\u00e9e G\u00e9n\u00e9rale statutaire Tous les membres \u00e0 jour de cotisation peuvent participer aux votes! Adh\u00e9sion en ligne ICI! 19h15 : conf\u00e9rence \u00ab\u00a0Pourquoi cr\u00e9er un potager en permaculture\u00a0\u00bb par Jules SCHNUR, responsable du &hellip; <a href=\"https:\/\/mnbruchepiemont.org\/?p=5108\">Continuer la lecture <span class=\"meta-nav\">&rarr;<\/span><\/a><\/p>\n","protected":false},"author":8,"featured_media":0,"comment_status":"closed","ping_status":"closed","sticky":false,"template":"","format":"standard","meta":{"footnotes":""},"categories":[25],"tags":[],"class_list":["post-5108","post","type-post","status-publish","format-standard","hentry","category-les-activites"],"_links":{"self":[{"href":"https:\/\/mnbruchepiemont.org\/index.php?rest_route=\/wp\/v2\/posts\/5108","targetHints":{"allow":["GET"]}}],"collection":[{"href":"https:\/\/mnbruchepiemont.org\/index.php?rest_route=\/wp\/v2\/posts"}],"about":[{"href":"https:\/\/mnbruchepiemont.org\/index.php?rest_route=\/wp\/v2\/types\/post"}],"author":[{"embeddable":true,"href":"https:\/\/mnbruchepiemont.org\/index.php?rest_route=\/wp\/v2\/users\/8"}],"replies":[{"embeddable":true,"href":"https:\/\/mnbruchepiemont.org\/index.php?rest_route=%2Fwp%2Fv2%2Fcomments&post=5108"}],"version-history":[{"count":12,"href":"https:\/\/mnbruchepiemont.org\/index.php?rest_route=\/wp\/v2\/posts\/5108\/revisions"}],"predecessor-version":[{"id":5129,"href":"https:\/\/mnbruchepiemont.org\/index.php?rest_route=\/wp\/v2\/posts\/5108\/revisions\/5129"}],"wp:attachment":[{"href":"https:\/\/mnbruchepiemont.org\/index.php?rest_route=%2Fwp%2Fv2%2Fmedia&parent=5108"}],"wp:term":[{"taxonomy":"category","embeddable":true,"href":"https:\/\/mnbruchepiemont.org\/index.php?rest_route=%2Fwp%2Fv2%2Fcategories&post=5108"},{"taxonomy":"post_tag","embeddable":true,"href":"https:\/\/mnbruchepiemont.org\/index.php?rest_route=%2Fwp%2Fv2%2Ftags&post=5108"}],"curies":[{"name":"wp","href":"https:\/\/api.w.org\/{rel}","templated":true}]}}