{"id":4928,"date":"2021-09-08T16:29:38","date_gmt":"2021-09-08T14:29:38","guid":{"rendered":"https:\/\/mnbruchepiemont.org\/?p=4928"},"modified":"2021-09-08T16:29:38","modified_gmt":"2021-09-08T14:29:38","slug":"brame-du-cerf-et-magie-de-lautomne-vendredi-1er-octobre-2021-de-18h30-a-21h30","status":"publish","type":"post","link":"https:\/\/mnbruchepiemont.org\/?p=4928","title":{"rendered":"Brame du cerf et magie de l&#8217;automne Vendredi 1er\u00a0octobre 2021\u00a0de 18h30 \u00e0 21h30"},"content":{"rendered":"<p>Brame du cerf et magie de l&#8217;automne<\/p>\n<p>Le 1er\u00a0<span id=\"OBJ_PREFIX_DWT65_com_zimbra_date\" class=\"Object\" role=\"link\">octobre 2021<\/span>\u00a0de 18h30 \u00e0 21h30<\/p>\n<p>A l&#8217;automne la magie op\u00e8re en for\u00eat ! Les feuilles changent de couleurs, les brumes r\u00e9apparaissent, le givre commence \u00e0 \u00eatre visible dans certains coin recul\u00e9s en altitude &#8230; et c&#8217;est l\u00e0 justement qu&#8217;un bruit, venu du fond de la nuit &#8230; du fond des bois se fait entendre. Est ce un cri des enfers ? Ne vous inqui\u00e9tez pas, aucun magicien ni aucun monstre n&#8217;est \u00e0 l&#8217;origine de ce vacarme &#8230; ce n&#8217;est autre que Monsieur le roi de la for\u00eat qui d\u00e9marre le bal des amours : la p\u00e9riode du brame du Cerf est lanc\u00e9e.<\/p>\n<p>Nous tenterons\u00a0<span id=\"OBJ_PREFIX_DWT66_com_zimbra_date\" class=\"Object\" role=\"link\">ce soir<\/span>\u00a0l\u00e0 de nous approcher des sites de brames mais sans jamais d\u00e9ranger les animaux. Diff\u00e9rents lieux seront test\u00e9s et nous chercherons en d\u00e9but de soir\u00e9e \u00e0 d\u00e9couvrir les lieux de vie de ces animaux si discrets le reste de l&#8217;ann\u00e9e. Pr\u00e9voir lampes (de poche ou frontale) et v\u00eatements vraiment chauds !<\/p>\n<p>&gt; RDV \u00e0 18h30 sur le parking de l&#8217;auberge de la Rothlach. Pr\u00e9voir lampe (frontale ou autre),\u00a0<b>habits chauds<\/b>, veste, et chaussures de marche ou bottes (en fonction de la m\u00e9t\u00e9o). Jumelles ou appareils photos si vous en disposez.<\/p>\n<p>&gt; Sortie limit\u00e9e \u00e0 15 personnes (enfants \u00e0 partir de 10ans), pas de chiens (m\u00eame en laisse).<\/p>\n<p>&gt; Inscription obligatoire :<\/p>\n<p><span id=\"OBJ_PREFIX_DWT67_com_zimbra_url\" class=\"Object\" role=\"link\"><a href=\"https:\/\/www.helloasso.com\/associations\/maison-de-la-nature-bruche-piemont\/evenements\/brame-du-cerf-et-magie-de-l-automne-famille\" target=\"_blank\" rel=\"nofollow noopener noreferrer\">https:\/\/www.helloasso.com\/associations\/maison-de-la-nature-bruche-piemont\/evenements\/brame-du-cerf-et-magie-de-l-automne-famille<\/a><\/span><\/p>\n<p>&gt; Partenariat R\u00e9gion Grand Est<\/p>\n","protected":false},"excerpt":{"rendered":"<p>Brame du cerf et magie de l&#8217;automne Le 1er\u00a0octobre 2021\u00a0de 18h30 \u00e0 21h30 A l&#8217;automne la magie op\u00e8re en for\u00eat ! Les feuilles changent de couleurs, les brumes r\u00e9apparaissent, le givre commence \u00e0 \u00eatre visible dans certains coin recul\u00e9s en &hellip; <a href=\"https:\/\/mnbruchepiemont.org\/?p=4928\">Continuer la lecture <span class=\"meta-nav\">&rarr;<\/span><\/a><\/p>\n","protected":false},"author":8,"featured_media":0,"comment_status":"closed","ping_status":"closed","sticky":false,"template":"","format":"standard","meta":{"footnotes":""},"categories":[25],"tags":[],"class_list":["post-4928","post","type-post","status-publish","format-standard","hentry","category-les-activites"],"_links":{"self":[{"href":"https:\/\/mnbruchepiemont.org\/index.php?rest_route=\/wp\/v2\/posts\/4928","targetHints":{"allow":["GET"]}}],"collection":[{"href":"https:\/\/mnbruchepiemont.org\/index.php?rest_route=\/wp\/v2\/posts"}],"about":[{"href":"https:\/\/mnbruchepiemont.org\/index.php?rest_route=\/wp\/v2\/types\/post"}],"author":[{"embeddable":true,"href":"https:\/\/mnbruchepiemont.org\/index.php?rest_route=\/wp\/v2\/users\/8"}],"replies":[{"embeddable":true,"href":"https:\/\/mnbruchepiemont.org\/index.php?rest_route=%2Fwp%2Fv2%2Fcomments&post=4928"}],"version-history":[{"count":1,"href":"https:\/\/mnbruchepiemont.org\/index.php?rest_route=\/wp\/v2\/posts\/4928\/revisions"}],"predecessor-version":[{"id":4929,"href":"https:\/\/mnbruchepiemont.org\/index.php?rest_route=\/wp\/v2\/posts\/4928\/revisions\/4929"}],"wp:attachment":[{"href":"https:\/\/mnbruchepiemont.org\/index.php?rest_route=%2Fwp%2Fv2%2Fmedia&parent=4928"}],"wp:term":[{"taxonomy":"category","embeddable":true,"href":"https:\/\/mnbruchepiemont.org\/index.php?rest_route=%2Fwp%2Fv2%2Fcategories&post=4928"},{"taxonomy":"post_tag","embeddable":true,"href":"https:\/\/mnbruchepiemont.org\/index.php?rest_route=%2Fwp%2Fv2%2Ftags&post=4928"}],"curies":[{"name":"wp","href":"https:\/\/api.w.org\/{rel}","templated":true}]}}