{"id":4879,"date":"2021-08-24T17:20:33","date_gmt":"2021-08-24T15:20:33","guid":{"rendered":"https:\/\/mnbruchepiemont.org\/?p=4879"},"modified":"2021-08-24T17:24:07","modified_gmt":"2021-08-24T15:24:07","slug":"jardins-ouverts-dimanche-29-aout-2021-10h-18h","status":"publish","type":"post","link":"https:\/\/mnbruchepiemont.org\/?p=4879","title":{"rendered":"Jardins ouverts dimanche 29 ao\u00fbt 2021 10h-18h"},"content":{"rendered":"<p class=\"western\"><span style=\"font-size: x-large;\"><i><b>Cultivons l\u2019\u00e9change en ouvrant nos jardins\u00a0!<\/b><\/i><\/span><\/p>\n<a href=\"https:\/\/mnbruchepiemont.org\/WORDPRESS\/wp-content\/uploads\/Jardins-ouverts-2021.pdf\" class=\"pdfemb-viewer\" style=\"\" data-width=\"max\" data-height=\"max\" data-toolbar=\"bottom\" data-toolbar-fixed=\"on\">Jardins ouverts 2021<\/a>\n<p>&nbsp;<\/p>\n<p>L&#8217;affiche A4 est en dessous, ainsi que le lien pour charger le talon de participation.<\/p>\n<p class=\"western\"><b>TERRITOIRE<\/b>\u00a0: tous les jardins de notre territoire (Communaut\u00e9s de communes de la Vall\u00e9e de la Bruche, du Pays de Ste Odile, des Portes de Rosheim, de la R\u00e9gion de Molsheim Mutzig, de la Mossig et du Vignoble et du Kochersberg Ackerland) peuvent participer\u00a0!<\/p>\n<p class=\"western\"><b>PRINCIPE<\/b>\u00a0: <u><b>les accueillants<\/b><\/u> proposent d\u2019ouvrir leur jardin pendant 2h (ou plus\u00a0!), ils doivent obligatoirement s\u2019inscrire aupr\u00e8s de la Maison de la Nature et renvoyer le talon d\u2019inscription compl\u00e9t\u00e9 \u00e0 l\u2019adresse <span style=\"color: #0000ff;\"><u><a href=\"mailto:president@mnbruchepiemont.org\">president@mnbruchepiemont.org<\/a><\/u><\/span> avant le 22 ao\u00fbt dernier d\u00e9lais\u00a0!<\/p>\n<p class=\"western\"><i><b>Tous les accueillants recevront une petit cadeau d\u2019Alsagarden partenaire de l\u2019op\u00e9ration\u00a0!<\/b><\/i><\/p>\n<p class=\"western\"><u><b>Les visiteurs<\/b><\/u> auront acc\u00e8s sur notre site \u00e0 partir de 26 ao\u00fbt \u00e0 la liste, aux plans d\u2019acc\u00e8s et aux horaires des jardins ouverts pour organiser leurs visites.<\/p>\n<p class=\"western\"><i><b>Attention<\/b><\/i>\u00a0: le respect des gestes et distances barri\u00e8res sera exig\u00e9<\/p>\n<a href=\"https:\/\/mnbruchepiemont.org\/WORDPRESS\/wp-content\/uploads\/jardins-a4.pdf\" class=\"pdfemb-viewer\" style=\"\" data-width=\"max\" data-height=\"max\" data-toolbar=\"bottom\" data-toolbar-fixed=\"on\">jardins a4<\/a>\n<p><strong>Ci-dessous le talon \u00e0 charger et remplir puis envoyer \u00e0 l&#8217;adresse indiqu\u00e9e au bas<\/strong><\/p>\n<p><a href=\"https:\/\/mnbruchepiemont.org\/?attachment_id=4888\" rel=\"attachment wp-att-4888\">talon Jardins ouverts 21<\/a><\/p>\n<p>&nbsp;<\/p>\n","protected":false},"excerpt":{"rendered":"<p>Cultivons l\u2019\u00e9change en ouvrant nos jardins\u00a0! &nbsp; L&#8217;affiche A4 est en dessous, ainsi que le lien pour charger le talon de participation. TERRITOIRE\u00a0: tous les jardins de notre territoire (Communaut\u00e9s de communes de la Vall\u00e9e de la Bruche, du Pays &hellip; <a href=\"https:\/\/mnbruchepiemont.org\/?p=4879\">Continuer la lecture <span class=\"meta-nav\">&rarr;<\/span><\/a><\/p>\n","protected":false},"author":8,"featured_media":0,"comment_status":"closed","ping_status":"closed","sticky":false,"template":"","format":"standard","meta":{"footnotes":""},"categories":[25],"tags":[],"class_list":["post-4879","post","type-post","status-publish","format-standard","hentry","category-les-activites"],"_links":{"self":[{"href":"https:\/\/mnbruchepiemont.org\/index.php?rest_route=\/wp\/v2\/posts\/4879","targetHints":{"allow":["GET"]}}],"collection":[{"href":"https:\/\/mnbruchepiemont.org\/index.php?rest_route=\/wp\/v2\/posts"}],"about":[{"href":"https:\/\/mnbruchepiemont.org\/index.php?rest_route=\/wp\/v2\/types\/post"}],"author":[{"embeddable":true,"href":"https:\/\/mnbruchepiemont.org\/index.php?rest_route=\/wp\/v2\/users\/8"}],"replies":[{"embeddable":true,"href":"https:\/\/mnbruchepiemont.org\/index.php?rest_route=%2Fwp%2Fv2%2Fcomments&post=4879"}],"version-history":[{"count":9,"href":"https:\/\/mnbruchepiemont.org\/index.php?rest_route=\/wp\/v2\/posts\/4879\/revisions"}],"predecessor-version":[{"id":4898,"href":"https:\/\/mnbruchepiemont.org\/index.php?rest_route=\/wp\/v2\/posts\/4879\/revisions\/4898"}],"wp:attachment":[{"href":"https:\/\/mnbruchepiemont.org\/index.php?rest_route=%2Fwp%2Fv2%2Fmedia&parent=4879"}],"wp:term":[{"taxonomy":"category","embeddable":true,"href":"https:\/\/mnbruchepiemont.org\/index.php?rest_route=%2Fwp%2Fv2%2Fcategories&post=4879"},{"taxonomy":"post_tag","embeddable":true,"href":"https:\/\/mnbruchepiemont.org\/index.php?rest_route=%2Fwp%2Fv2%2Ftags&post=4879"}],"curies":[{"name":"wp","href":"https:\/\/api.w.org\/{rel}","templated":true}]}}