{"id":4820,"date":"2021-06-18T11:55:04","date_gmt":"2021-06-18T09:55:04","guid":{"rendered":"http:\/\/mnbruchepiemont.org\/?p=4820"},"modified":"2021-06-18T11:44:21","modified_gmt":"2021-06-18T09:44:21","slug":"reprenons-racine-au-champ-du-feu-les-3-et-4-juillet-2021","status":"publish","type":"post","link":"https:\/\/mnbruchepiemont.org\/?p=4820","title":{"rendered":"Reprenons racine au Champ du Feu les 3 et 4 juillet 2021"},"content":{"rendered":"<p><i><b>Une tr\u00e8s belle manifestation se dessine les 3 et 4 juillet. Elle aura lieu au Champ du Feu et s&#8217;intitule &#8220;reprenons racine au Champ du Feu&#8221; (la MNBP revendique ce titre!). Au programme: animations, conf\u00e9rences, sorties propos\u00e9es par de nombreux partenaires.<\/b><\/i><i><b><br \/>\n<\/b><\/i><\/p>\n<p><i><b>La Maison de la Nature est pleinement impliqu\u00e9e dans l&#8217;\u00e9v\u00e9nement avec une sortie yoga et une animation sylvoth\u00e9rapie, mais surtout par une permanence ext\u00e9rieure (si m\u00e9t\u00e9o favorable) autour de notre hirondelle avec des jeux forestiers de Philippe Petit, un atelier sur les petites b\u00eates et les pollinisateurs et un petit parcours pieds nus \u00e0 faire en autonomie.<\/b><\/i><\/p>\n<p><i><b>Le projet du Champ du Feu est important pour le futur de l&#8217;association, nous nous permettons de vous solliciter pour <\/b><\/i><i><b>diffuser le plus largement possible le programme et l&#8217;affiche ci-dessous.<\/b><\/i><\/p>\n<p><a href=\"https:\/\/mnbruchepiemont.org\/?attachment_id=4822\" target=\"_blank\" rel=\"noopener\">Programme \u00e0 t\u00e9l\u00e9charger et diffuser<\/a><\/p>\n<p>Visualiser les 5 pages du programme ci-dessous<\/p>\n<p><i><b><a href=\"https:\/\/mnbruchepiemont.org\/WORDPRESS\/wp-content\/uploads\/Programme_officiel.pdf\" class=\"pdfemb-viewer\" style=\"\" data-width=\"max\" data-height=\"max\" data-toolbar=\"bottom\" data-toolbar-fixed=\"on\">Programme_officiel<\/a><\/b><\/i><\/p>\n<p>&nbsp;<\/p>\n<p>&nbsp;<\/p>\n","protected":false},"excerpt":{"rendered":"<p>Une tr\u00e8s belle manifestation se dessine les 3 et 4 juillet. Elle aura lieu au Champ du Feu et s&#8217;intitule &#8220;reprenons racine au Champ du Feu&#8221; (la MNBP revendique ce titre!). Au programme: animations, conf\u00e9rences, sorties propos\u00e9es par de nombreux &hellip; <a href=\"https:\/\/mnbruchepiemont.org\/?p=4820\">Continuer la lecture <span class=\"meta-nav\">&rarr;<\/span><\/a><\/p>\n","protected":false},"author":8,"featured_media":0,"comment_status":"closed","ping_status":"closed","sticky":false,"template":"","format":"standard","meta":{"footnotes":""},"categories":[25],"tags":[],"class_list":["post-4820","post","type-post","status-publish","format-standard","hentry","category-les-activites"],"_links":{"self":[{"href":"https:\/\/mnbruchepiemont.org\/index.php?rest_route=\/wp\/v2\/posts\/4820","targetHints":{"allow":["GET"]}}],"collection":[{"href":"https:\/\/mnbruchepiemont.org\/index.php?rest_route=\/wp\/v2\/posts"}],"about":[{"href":"https:\/\/mnbruchepiemont.org\/index.php?rest_route=\/wp\/v2\/types\/post"}],"author":[{"embeddable":true,"href":"https:\/\/mnbruchepiemont.org\/index.php?rest_route=\/wp\/v2\/users\/8"}],"replies":[{"embeddable":true,"href":"https:\/\/mnbruchepiemont.org\/index.php?rest_route=%2Fwp%2Fv2%2Fcomments&post=4820"}],"version-history":[{"count":7,"href":"https:\/\/mnbruchepiemont.org\/index.php?rest_route=\/wp\/v2\/posts\/4820\/revisions"}],"predecessor-version":[{"id":4829,"href":"https:\/\/mnbruchepiemont.org\/index.php?rest_route=\/wp\/v2\/posts\/4820\/revisions\/4829"}],"wp:attachment":[{"href":"https:\/\/mnbruchepiemont.org\/index.php?rest_route=%2Fwp%2Fv2%2Fmedia&parent=4820"}],"wp:term":[{"taxonomy":"category","embeddable":true,"href":"https:\/\/mnbruchepiemont.org\/index.php?rest_route=%2Fwp%2Fv2%2Fcategories&post=4820"},{"taxonomy":"post_tag","embeddable":true,"href":"https:\/\/mnbruchepiemont.org\/index.php?rest_route=%2Fwp%2Fv2%2Ftags&post=4820"}],"curies":[{"name":"wp","href":"https:\/\/api.w.org\/{rel}","templated":true}]}}