{"id":4622,"date":"2020-10-02T20:45:48","date_gmt":"2020-10-02T18:45:48","guid":{"rendered":"http:\/\/mnbruchepiemont.org\/?p=4622"},"modified":"2020-10-02T20:36:26","modified_gmt":"2020-10-02T18:36:26","slug":"sales-betes-et-mauvaises-herbes-dimanche-11-octobre-2020","status":"publish","type":"post","link":"https:\/\/mnbruchepiemont.org\/?p=4622","title":{"rendered":"Sales b\u00eates et mauvaises herbes &#8211; Dimanche 11 octobre 2020"},"content":{"rendered":"<p>anim\u00e9 par Florine Jung<br \/>\nQuelle est la place pour la faune et la flore dans l\u2019espace urbain ?<br \/>\nPartons d\u00e9couvrir le nature sauvage et spontan\u00e9e<br \/>\nau travers des jeux, des croquis et des exp\u00e9riences sensorielles.<br \/>\nGratuit<br \/>\nPublic familial, groupe limit\u00e9 \u00e0 10 personnes<br \/>\n&gt; RDV 9h00 Parking de l&#8217;Altau \u00e0 Obernai<br \/>\n\u00e0 l\u2019\u00e9cole du Parc, 204 Route d\u2019Ottrott.<br \/>\n<a href=\"https:\/\/www.helloasso.com\/associations\/maison-de-la-nature-bruche-piemont\/evenements\/sales-betes-mauvaises-herbes\" target=\"_blank\" rel=\"noopener noreferrer\">Inscription MNBP sur HelloAsso<\/a><\/p>\n<p><a href=\"https:\/\/mnbruchepiemont.org\/?attachment_id=4615\" rel=\"attachment wp-att-4615\"><img loading=\"lazy\" decoding=\"async\" class=\"alignnone size-medium wp-image-4615\" src=\"https:\/\/mnbruchepiemont.org\/WORDPRESS\/wp-content\/uploads\/MNBP-Sales-b%C3%AAtes-mauvaises-herbes--214x300.jpg\" sizes=\"auto, (max-width: 214px) 100vw, 214px\" srcset=\"https:\/\/mnbruchepiemont.org\/WORDPRESS\/wp-content\/uploads\/MNBP-Sales-b\u00eates-mauvaises-herbes--214x300.jpg 214w, https:\/\/mnbruchepiemont.org\/WORDPRESS\/wp-content\/uploads\/MNBP-Sales-b\u00eates-mauvaises-herbes--768x1076.jpg 768w, https:\/\/mnbruchepiemont.org\/WORDPRESS\/wp-content\/uploads\/MNBP-Sales-b\u00eates-mauvaises-herbes--731x1024.jpg 731w, https:\/\/mnbruchepiemont.org\/WORDPRESS\/wp-content\/uploads\/MNBP-Sales-b\u00eates-mauvaises-herbes-.jpg 1428w\" alt=\"\" width=\"214\" height=\"300\" \/><\/a><\/p>\n","protected":false},"excerpt":{"rendered":"<p>anim\u00e9 par Florine Jung Quelle est la place pour la faune et la flore dans l\u2019espace urbain ? Partons d\u00e9couvrir le nature sauvage et spontan\u00e9e au travers des jeux, des croquis et des exp\u00e9riences sensorielles. Gratuit Public familial, groupe limit\u00e9 &hellip; <a href=\"https:\/\/mnbruchepiemont.org\/?p=4622\">Continuer la lecture <span class=\"meta-nav\">&rarr;<\/span><\/a><\/p>\n","protected":false},"author":8,"featured_media":0,"comment_status":"closed","ping_status":"closed","sticky":false,"template":"","format":"standard","meta":{"footnotes":""},"categories":[25],"tags":[],"class_list":["post-4622","post","type-post","status-publish","format-standard","hentry","category-les-activites"],"_links":{"self":[{"href":"https:\/\/mnbruchepiemont.org\/index.php?rest_route=\/wp\/v2\/posts\/4622","targetHints":{"allow":["GET"]}}],"collection":[{"href":"https:\/\/mnbruchepiemont.org\/index.php?rest_route=\/wp\/v2\/posts"}],"about":[{"href":"https:\/\/mnbruchepiemont.org\/index.php?rest_route=\/wp\/v2\/types\/post"}],"author":[{"embeddable":true,"href":"https:\/\/mnbruchepiemont.org\/index.php?rest_route=\/wp\/v2\/users\/8"}],"replies":[{"embeddable":true,"href":"https:\/\/mnbruchepiemont.org\/index.php?rest_route=%2Fwp%2Fv2%2Fcomments&post=4622"}],"version-history":[{"count":4,"href":"https:\/\/mnbruchepiemont.org\/index.php?rest_route=\/wp\/v2\/posts\/4622\/revisions"}],"predecessor-version":[{"id":4627,"href":"https:\/\/mnbruchepiemont.org\/index.php?rest_route=\/wp\/v2\/posts\/4622\/revisions\/4627"}],"wp:attachment":[{"href":"https:\/\/mnbruchepiemont.org\/index.php?rest_route=%2Fwp%2Fv2%2Fmedia&parent=4622"}],"wp:term":[{"taxonomy":"category","embeddable":true,"href":"https:\/\/mnbruchepiemont.org\/index.php?rest_route=%2Fwp%2Fv2%2Fcategories&post=4622"},{"taxonomy":"post_tag","embeddable":true,"href":"https:\/\/mnbruchepiemont.org\/index.php?rest_route=%2Fwp%2Fv2%2Ftags&post=4622"}],"curies":[{"name":"wp","href":"https:\/\/api.w.org\/{rel}","templated":true}]}}