{"id":4538,"date":"2020-07-26T20:52:17","date_gmt":"2020-07-26T18:52:17","guid":{"rendered":"http:\/\/mnbruchepiemont.org\/?p=4538"},"modified":"2020-07-26T17:57:49","modified_gmt":"2020-07-26T15:57:49","slug":"jardins-ouverts-30-aout-2020","status":"publish","type":"post","link":"https:\/\/mnbruchepiemont.org\/?p=4538","title":{"rendered":"Jardins Ouverts &#8211; 30 ao\u00fbt 2020"},"content":{"rendered":"<p class=\"western\"><b>NOUVEAU<\/b>\u00a0: cette ann\u00e9e tous les jardins de notre territoire (Communaut\u00e9s de communes de la Vall\u00e9e de la Bruche, du Pays de Ste Odile, des Portes de Rosheim, de la R\u00e9gion de Molsheim Mutzig, de la Mossig et du Vignoble et du Kochersberg Ackerland) peuvent participer\u00a0!<\/p>\n<p class=\"western\"><b>PRINCIPE<\/b>\u00a0: <u><b>les accueillants<\/b><\/u> proposent d\u2019ouvrir leur jardin pendant 2h (ou plus\u00a0!), ils doivent obligatoirement s\u2019inscrire aupr\u00e8s de la Maison de la Nature et renvoyer le <a href=\"https:\/\/mnbruchepiemont.org\/?attachment_id=4536\" target=\"_blank\" rel=\"noopener noreferrer\">talon d\u2019inscription<\/a> compl\u00e9t\u00e9 \u00e0 l\u2019adresse <span style=\"color: #0000ff;\"><u><a href=\"mailto:president@mnbruchepiemont.org\">president@mnbruchepiemont.org<\/a><\/u><\/span> avant le 20 ao\u00fbt dernier d\u00e9lai !<\/p>\n<p class=\"western\"><i><b>Tous les accueillants recevront une petit cadeau d\u2019Alsagarden partenaire de l\u2019op\u00e9ration\u00a0!<\/b><\/i><\/p>\n<p class=\"western\"><u><b>Les visiteurs<\/b><\/u> auront acc\u00e8s sur notre site \u00e0 partir de 26 ao\u00fbt \u00e0 la liste, aux plans d\u2019acc\u00e8s et aux horaires des jardins ouverts pour organiser leurs visites.<\/p>\n<p><a href=\"https:\/\/mnbruchepiemont.org\/?attachment_id=4536\" target=\"_blank\" rel=\"noopener noreferrer\">Talon de participation accueillants et visiteurs<\/a><\/p>\n<p class=\"western\"><i><b>Attention<\/b><\/i>\u00a0: respect des gestes et distances barri\u00e8res oblige, le port du masque sera exig\u00e9 lors des visites\u00a0!<\/p>\n<p class=\"western\">Gratuit<br \/>\nPublic familial<\/p>\n<a href=\"https:\/\/mnbruchepiemont.org\/WORDPRESS\/wp-content\/uploads\/affich-jo-a4-1.pdf\" class=\"pdfemb-viewer\" style=\"\" data-width=\"max\" data-height=\"max\" data-toolbar=\"bottom\" data-toolbar-fixed=\"on\">affich jo a4 (1)<\/a>\n","protected":false},"excerpt":{"rendered":"<p>NOUVEAU\u00a0: cette ann\u00e9e tous les jardins de notre territoire (Communaut\u00e9s de communes de la Vall\u00e9e de la Bruche, du Pays de Ste Odile, des Portes de Rosheim, de la R\u00e9gion de Molsheim Mutzig, de la Mossig et du Vignoble et &hellip; <a href=\"https:\/\/mnbruchepiemont.org\/?p=4538\">Continuer la lecture <span class=\"meta-nav\">&rarr;<\/span><\/a><\/p>\n","protected":false},"author":8,"featured_media":0,"comment_status":"closed","ping_status":"closed","sticky":false,"template":"","format":"standard","meta":{"footnotes":""},"categories":[25],"tags":[],"class_list":["post-4538","post","type-post","status-publish","format-standard","hentry","category-les-activites"],"_links":{"self":[{"href":"https:\/\/mnbruchepiemont.org\/index.php?rest_route=\/wp\/v2\/posts\/4538","targetHints":{"allow":["GET"]}}],"collection":[{"href":"https:\/\/mnbruchepiemont.org\/index.php?rest_route=\/wp\/v2\/posts"}],"about":[{"href":"https:\/\/mnbruchepiemont.org\/index.php?rest_route=\/wp\/v2\/types\/post"}],"author":[{"embeddable":true,"href":"https:\/\/mnbruchepiemont.org\/index.php?rest_route=\/wp\/v2\/users\/8"}],"replies":[{"embeddable":true,"href":"https:\/\/mnbruchepiemont.org\/index.php?rest_route=%2Fwp%2Fv2%2Fcomments&post=4538"}],"version-history":[{"count":4,"href":"https:\/\/mnbruchepiemont.org\/index.php?rest_route=\/wp\/v2\/posts\/4538\/revisions"}],"predecessor-version":[{"id":4540,"href":"https:\/\/mnbruchepiemont.org\/index.php?rest_route=\/wp\/v2\/posts\/4538\/revisions\/4540"}],"wp:attachment":[{"href":"https:\/\/mnbruchepiemont.org\/index.php?rest_route=%2Fwp%2Fv2%2Fmedia&parent=4538"}],"wp:term":[{"taxonomy":"category","embeddable":true,"href":"https:\/\/mnbruchepiemont.org\/index.php?rest_route=%2Fwp%2Fv2%2Fcategories&post=4538"},{"taxonomy":"post_tag","embeddable":true,"href":"https:\/\/mnbruchepiemont.org\/index.php?rest_route=%2Fwp%2Fv2%2Ftags&post=4538"}],"curies":[{"name":"wp","href":"https:\/\/api.w.org\/{rel}","templated":true}]}}