{"id":4458,"date":"2020-07-13T18:03:38","date_gmt":"2020-07-13T16:03:38","guid":{"rendered":"http:\/\/mnbruchepiemont.org\/?p=4458"},"modified":"2020-07-13T19:54:33","modified_gmt":"2020-07-13T17:54:33","slug":"rendez-vous-au-champ-du-feu","status":"publish","type":"post","link":"https:\/\/mnbruchepiemont.org\/?p=4458","title":{"rendered":"Rendez-vous au champ du feu"},"content":{"rendered":"<p>Cet \u00e9t\u00e9 nous b\u00e9n\u00e9ficions d&#8217;un partenariat avec le CD67. Vous trouverez<br \/>\nde nouvelles propositions d\u2019activit\u00e9s ne figurant pas sur notre<br \/>\nprogramme gr\u00e2ce \u00e0 nos pr\u00e9cieux partenariats sur notre territoire.<\/p>\n<p><a href=\"https:\/\/mnbruchepiemont.org\/?attachment_id=4494\" rel=\"attachment wp-att-4494\"><img loading=\"lazy\" decoding=\"async\" class=\"alignnone size-medium wp-image-4494\" src=\"https:\/\/mnbruchepiemont.org\/WORDPRESS\/wp-content\/uploads\/CD67-300x81.jpg\" alt=\"\" width=\"300\" height=\"81\" srcset=\"https:\/\/mnbruchepiemont.org\/WORDPRESS\/wp-content\/uploads\/CD67-300x81.jpg 300w, https:\/\/mnbruchepiemont.org\/WORDPRESS\/wp-content\/uploads\/CD67-768x209.jpg 768w, https:\/\/mnbruchepiemont.org\/WORDPRESS\/wp-content\/uploads\/CD67-500x136.jpg 500w, https:\/\/mnbruchepiemont.org\/WORDPRESS\/wp-content\/uploads\/CD67.jpg 983w\" sizes=\"auto, (max-width: 300px) 100vw, 300px\" \/><\/a><\/p>\n<p>Alors RDV pour toutes les familles au Champ du Feu cet \u00e9t\u00e9 !<br \/>\nLes sanitaires et la salle de restauration du chalet du CD67 sont ouverts et<br \/>\ndisponibles.<\/p>\n<p>Propositions &#8220;\u00e9t\u00e9 au Champ du Feu&#8221;<\/p>\n<p>Planning dates \/ animations &#8211; Cliquer sur les liens pour avoir le d\u00e9tail<\/p>\n<p><span style=\"color: #000000;\"><a href=\"https:\/\/mnbruchepiemont.org\/?ai1ec_event=mon-matin-zen-tu-es-larbre-de-vie\" target=\"_blank\" rel=\"noopener noreferrer\">vendredi 24 juillet de 10h \u00e0 12h\u00a0 \u00a0 \u00a0 \u00a0 \u00a0 \u00a0 \u00a0 \u00a0 <strong>\u201c<\/strong><strong>Mon matin zen &#8211; Tu es l\u2019arbre de vie<\/strong><strong>\u201d<\/strong><\/a><\/span><br \/>\n<a href=\"https:\/\/mnbruchepiemont.org\/WORDPRESS\/?ai1ec_event=ma-foret-enchantee\" target=\"_blank\" rel=\"noopener noreferrer\">mardi 28 juillet\u00a0 \u00a0 \u00a0 de 14h \u00e0 16h\u00a0 \u00a0 \u00a0 \u00a0 \u00a0 \u00a0 \u00a0 \u00a0 <strong>\u201cMa for\u00eat enchant\u00e9e\u201d<\/strong><strong>\u00a0<\/strong><\/a><br \/>\n<span style=\"color: #000000;\"><a href=\"https:\/\/mnbruchepiemont.org\/?ai1ec_event=ma-foret-enchantee-3\" target=\"_blank\" rel=\"noopener noreferrer\">mardi 4 ao\u00fbt\u00a0 \u00a0 \u00a0 \u00a0 \u00a0de 10h \u00e0 12h\u00a0 \u00a0 \u00a0 \u00a0 \u00a0 \u00a0 \u00a0 \u00a0 <strong>\u201cMa for\u00eat enchant\u00e9e\u201d<\/strong><\/a><strong>\u00a0<\/strong><\/span><br \/>\n<a href=\"https:\/\/mnbruchepiemont.org\/WORDPRESS\/?ai1ec_event=ma-foret-enchantee-2\" target=\"_blank\" rel=\"noopener noreferrer\">mardi 4 ao\u00fbt\u00a0 \u00a0 \u00a0 \u00a0 \u00a0de 14h \u00e0 16h\u00a0 \u00a0 \u00a0 \u00a0 \u00a0 \u00a0 \u00a0 \u00a0 \u00a0<strong>\u201cMa for\u00eat enchant\u00e9e\u201d<\/strong><\/a><br \/>\n<span style=\"color: #000000;\"><a href=\"https:\/\/mnbruchepiemont.org\/?ai1ec_event=randonnee-itinerante-avec-les-anes\" target=\"_blank\" rel=\"noopener noreferrer\">du vendredi 7 au dimanche 9 ao\u00fbt\u00a0 \u00a0 \u00a0 \u00a0 \u00a0 \u00a0 <strong>\u201c<\/strong><strong>Randonn\u00e9e itin\u00e9rante avec les \u00e2nes\u201d<\/strong><\/a><strong><br \/>\n<\/strong><a href=\"https:\/\/mnbruchepiemont.org\/WORDPRESS\/?ai1ec_event=randonnee-a-la-journee-avec-les-anes\" target=\"_blank\" rel=\"noopener noreferrer\">samedi 8 ao\u00fbt de 9h30 \u00e0 21h\u00a0 \u00a0 \u00a0 \u00a0 \u00a0 \u00a0 \u00a0 \u00a0 \u00a0 \u00a0 <strong>\u201c<\/strong><strong>Randonn\u00e9e \u00e0 la journ\u00e9e avec les \u00e2nes\u201d<\/strong><\/a><strong><br \/>\n<\/strong><a href=\"https:\/\/mnbruchepiemont.org\/WORDPRESS\/?ai1ec_event=aupres-de-mon-arbre\" target=\"_blank\" rel=\"noopener noreferrer\">jeudi 13 ao\u00fbt de 10h \u00e0 12h\u00a0 \u00a0 \u00a0 \u00a0 \u00a0 \u00a0 \u00a0 \u00a0 \u00a0 \u00a0 \u00a0 \u00a0 <strong>\u201c<\/strong><strong>Aupr\u00e8s de mon arbre<\/strong><strong>\u201d<\/strong><\/a><\/span><br \/>\n<a href=\"https:\/\/mnbruchepiemont.org\/WORDPRESS\/?ai1ec_event=mon-matin-zen-ma-foret-interieure\" target=\"_blank\" rel=\"noopener noreferrer\">jeudi 20 ao\u00fbt de 10h \u00e0 12h\u00a0 \u00a0 \u00a0 \u00a0 \u00a0 \u00a0 \u00a0 \u00a0 \u00a0 \u00a0 \u00a0 \u00a0<strong>\u201cMon matin zen &#8211; Ma for\u00eat int\u00e9rieure\u201d<\/strong><\/a><\/p>\n<p>&nbsp;<\/p>\n","protected":false},"excerpt":{"rendered":"<p>Cet \u00e9t\u00e9 nous b\u00e9n\u00e9ficions d&#8217;un partenariat avec le CD67. Vous trouverez de nouvelles propositions d\u2019activit\u00e9s ne figurant pas sur notre programme gr\u00e2ce \u00e0 nos pr\u00e9cieux partenariats sur notre territoire. Alors RDV pour toutes les familles au Champ du Feu cet &hellip; <a href=\"https:\/\/mnbruchepiemont.org\/?p=4458\">Continuer la lecture <span class=\"meta-nav\">&rarr;<\/span><\/a><\/p>\n","protected":false},"author":8,"featured_media":0,"comment_status":"closed","ping_status":"closed","sticky":false,"template":"","format":"standard","meta":{"footnotes":""},"categories":[25],"tags":[],"class_list":["post-4458","post","type-post","status-publish","format-standard","hentry","category-les-activites"],"_links":{"self":[{"href":"https:\/\/mnbruchepiemont.org\/index.php?rest_route=\/wp\/v2\/posts\/4458","targetHints":{"allow":["GET"]}}],"collection":[{"href":"https:\/\/mnbruchepiemont.org\/index.php?rest_route=\/wp\/v2\/posts"}],"about":[{"href":"https:\/\/mnbruchepiemont.org\/index.php?rest_route=\/wp\/v2\/types\/post"}],"author":[{"embeddable":true,"href":"https:\/\/mnbruchepiemont.org\/index.php?rest_route=\/wp\/v2\/users\/8"}],"replies":[{"embeddable":true,"href":"https:\/\/mnbruchepiemont.org\/index.php?rest_route=%2Fwp%2Fv2%2Fcomments&post=4458"}],"version-history":[{"count":47,"href":"https:\/\/mnbruchepiemont.org\/index.php?rest_route=\/wp\/v2\/posts\/4458\/revisions"}],"predecessor-version":[{"id":4525,"href":"https:\/\/mnbruchepiemont.org\/index.php?rest_route=\/wp\/v2\/posts\/4458\/revisions\/4525"}],"wp:attachment":[{"href":"https:\/\/mnbruchepiemont.org\/index.php?rest_route=%2Fwp%2Fv2%2Fmedia&parent=4458"}],"wp:term":[{"taxonomy":"category","embeddable":true,"href":"https:\/\/mnbruchepiemont.org\/index.php?rest_route=%2Fwp%2Fv2%2Fcategories&post=4458"},{"taxonomy":"post_tag","embeddable":true,"href":"https:\/\/mnbruchepiemont.org\/index.php?rest_route=%2Fwp%2Fv2%2Ftags&post=4458"}],"curies":[{"name":"wp","href":"https:\/\/api.w.org\/{rel}","templated":true}]}}