{"id":4445,"date":"2020-06-22T18:25:04","date_gmt":"2020-06-22T16:25:04","guid":{"rendered":"http:\/\/mnbruchepiemont.org\/?p=4445"},"modified":"2022-06-01T16:09:09","modified_gmt":"2022-06-01T14:09:09","slug":"club-nature-vacances-dete-cest-parti-pour-lete","status":"publish","type":"post","link":"https:\/\/mnbruchepiemont.org\/?p=4445","title":{"rendered":"Club nature Vacances d&#8217;\u00e9t\u00e9 &#8211; C&#8217;est parti pour l&#8217;\u00e9t\u00e9 !"},"content":{"rendered":"<p>C&#8217;est parti pour l&#8217;\u00e9t\u00e9 !<\/p>\n<ul>\n<li>Pour les 6-8 ans &#8211; du 6 au 9 juillet 2020<br \/>\n<a href=\"https:\/\/mnbruchepiemont.org\/?ai1ec_event=club-nature-vacances-dete\" target=\"_blank\" rel=\"noopener noreferrer\"><b style=\"font-size: x-large;\">Druides, d\u00e9esses et potions magiques<\/b><\/a><\/li>\n<\/ul>\n<ul>\n<li>Pour les 8-12 ans &#8211; du 13 au 17 juillet 2020<br \/>\n<a href=\"https:\/\/mnbruchepiemont.org\/?ai1ec_event=sejour-en-dur-8-12-ans\" target=\"_blank\" rel=\"noopener noreferrer\"><b style=\"font-size: x-large;\">Aventurier\/\u00e8re de la Bruche<\/b><\/a><\/li>\n<\/ul>\n<ul>\n<li>Pour les 8-12 ans &#8211; du 27 juillet au 1<sup>er<\/sup> ao\u00fbt 2020<br \/>\n<a href=\"https:\/\/mnbruchepiemont.org\/?ai1ec_event=sejour-itinerant-11-15-ans\" target=\"_blank\" rel=\"noopener noreferrer\"><b style=\"font-size: x-large;\">Cham\u2019\u00e2nes\u00a0: entre \u00e2nes, nature et \u00e9l\u00e9ments<\/b><\/a><\/li>\n<\/ul>\n<ul>\n<li>Pour les 6-15 ans &#8211; du 25 au 28 ao\u00fbt 2020<br \/>\n<a href=\"https:\/\/mnbruchepiemont.org\/?ai1ec_event=club-nature-vacances-dete-2\" target=\"_blank\" rel=\"noopener noreferrer\"><b style=\"font-size: x-large;\">Sauvages par nature<\/b><\/a><\/li>\n<\/ul>\n<p>&nbsp;<\/p>\n","protected":false},"excerpt":{"rendered":"<p>C&#8217;est parti pour l&#8217;\u00e9t\u00e9 ! Pour les 6-8 ans &#8211; du 6 au 9 juillet 2020 Druides, d\u00e9esses et potions magiques Pour les 8-12 ans &#8211; du 13 au 17 juillet 2020 Aventurier\/\u00e8re de la Bruche Pour les 8-12 ans &hellip; <a href=\"https:\/\/mnbruchepiemont.org\/?p=4445\">Continuer la lecture <span class=\"meta-nav\">&rarr;<\/span><\/a><\/p>\n","protected":false},"author":8,"featured_media":0,"comment_status":"closed","ping_status":"closed","sticky":false,"template":"","format":"standard","meta":{"footnotes":""},"categories":[29],"tags":[],"class_list":["post-4445","post","type-post","status-publish","format-standard","hentry","category-club-nature-2013"],"_links":{"self":[{"href":"https:\/\/mnbruchepiemont.org\/index.php?rest_route=\/wp\/v2\/posts\/4445","targetHints":{"allow":["GET"]}}],"collection":[{"href":"https:\/\/mnbruchepiemont.org\/index.php?rest_route=\/wp\/v2\/posts"}],"about":[{"href":"https:\/\/mnbruchepiemont.org\/index.php?rest_route=\/wp\/v2\/types\/post"}],"author":[{"embeddable":true,"href":"https:\/\/mnbruchepiemont.org\/index.php?rest_route=\/wp\/v2\/users\/8"}],"replies":[{"embeddable":true,"href":"https:\/\/mnbruchepiemont.org\/index.php?rest_route=%2Fwp%2Fv2%2Fcomments&post=4445"}],"version-history":[{"count":3,"href":"https:\/\/mnbruchepiemont.org\/index.php?rest_route=\/wp\/v2\/posts\/4445\/revisions"}],"predecessor-version":[{"id":4448,"href":"https:\/\/mnbruchepiemont.org\/index.php?rest_route=\/wp\/v2\/posts\/4445\/revisions\/4448"}],"wp:attachment":[{"href":"https:\/\/mnbruchepiemont.org\/index.php?rest_route=%2Fwp%2Fv2%2Fmedia&parent=4445"}],"wp:term":[{"taxonomy":"category","embeddable":true,"href":"https:\/\/mnbruchepiemont.org\/index.php?rest_route=%2Fwp%2Fv2%2Fcategories&post=4445"},{"taxonomy":"post_tag","embeddable":true,"href":"https:\/\/mnbruchepiemont.org\/index.php?rest_route=%2Fwp%2Fv2%2Ftags&post=4445"}],"curies":[{"name":"wp","href":"https:\/\/api.w.org\/{rel}","templated":true}]}}