{"id":3737,"date":"2019-11-22T15:39:18","date_gmt":"2019-11-22T14:39:18","guid":{"rendered":"http:\/\/mnbruchepiemont.org\/?p=3737"},"modified":"2019-10-10T15:44:55","modified_gmt":"2019-10-10T13:44:55","slug":"hutte-a-sensations-dhiver-mercredi-4-decembre-2019-a-rosheim","status":"publish","type":"post","link":"https:\/\/mnbruchepiemont.org\/?p=3737","title":{"rendered":"Hutte \u00e0 Sensations d\u2019hiver mercredi 4 d\u00e9cembre 2019 \u00e0 Rosheim"},"content":{"rendered":"<p>Hutte \u00e0 Sensations d\u2019hiver<br \/>\nanim\u00e9 par Florine Jung, en partenariat avec la M\u00e9diath\u00e8que de Rosheim<br \/>\nVenez vivre l\u2019exp\u00e9rience d\u2019un conte \u00e0 sensations les yeux band\u00e9s&#8230;<br \/>\nles mots m\u00eal\u00e9s aux images et aux cinq sens pour une \u00e9vasion dans une histoire sur la th\u00e9matique de la nature en hiver&#8230; les pas d\u2019un animal, le vent dans les feuilles de l&#8217;arbre&#8230;laissez-vous surprendre !<br \/>\nCe moment sera suivi d\u2019un \u00e9change autour d\u2019un livre.<\/p>\n<p>Atelier limit\u00e9 \u00e0 12 personnes &#8211; \u00e0 partir de 7 ans &#8211; ouvert aux familles<\/p>\n<p>Inscription aupr\u00e8s de la m\u00e9diath\u00e8que de Rosheim 03 88 49 25 00<br \/>\n&gt; RDV \u00e0 la m\u00e9diath\u00e8que de Rosheim.<\/p>\n<p><a href=\"https:\/\/mnbruchepiemont.org\/?attachment_id=3716\" rel=\"attachment wp-att-3716\"><img loading=\"lazy\" decoding=\"async\" class=\"alignnone size-medium wp-image-3716\" src=\"https:\/\/mnbruchepiemont.org\/WORDPRESS\/wp-content\/uploads\/affiche-m\u00e9diath\u00e8que-212x300.jpg\" alt=\"\" width=\"212\" height=\"300\" srcset=\"https:\/\/mnbruchepiemont.org\/WORDPRESS\/wp-content\/uploads\/affiche-m\u00e9diath\u00e8que-212x300.jpg 212w, https:\/\/mnbruchepiemont.org\/WORDPRESS\/wp-content\/uploads\/affiche-m\u00e9diath\u00e8que.jpg 678w\" sizes=\"auto, (max-width: 212px) 100vw, 212px\" \/><\/a><\/p>\n","protected":false},"excerpt":{"rendered":"<p>Hutte \u00e0 Sensations d\u2019hiver anim\u00e9 par Florine Jung, en partenariat avec la M\u00e9diath\u00e8que de Rosheim Venez vivre l\u2019exp\u00e9rience d\u2019un conte \u00e0 sensations les yeux band\u00e9s&#8230; les mots m\u00eal\u00e9s aux images et aux cinq sens pour une \u00e9vasion dans une histoire &hellip; <a href=\"https:\/\/mnbruchepiemont.org\/?p=3737\">Continuer la lecture <span class=\"meta-nav\">&rarr;<\/span><\/a><\/p>\n","protected":false},"author":8,"featured_media":0,"comment_status":"closed","ping_status":"closed","sticky":false,"template":"","format":"standard","meta":{"footnotes":""},"categories":[25],"tags":[116],"class_list":["post-3737","post","type-post","status-publish","format-standard","hentry","category-les-activites","tag-116"],"_links":{"self":[{"href":"https:\/\/mnbruchepiemont.org\/index.php?rest_route=\/wp\/v2\/posts\/3737","targetHints":{"allow":["GET"]}}],"collection":[{"href":"https:\/\/mnbruchepiemont.org\/index.php?rest_route=\/wp\/v2\/posts"}],"about":[{"href":"https:\/\/mnbruchepiemont.org\/index.php?rest_route=\/wp\/v2\/types\/post"}],"author":[{"embeddable":true,"href":"https:\/\/mnbruchepiemont.org\/index.php?rest_route=\/wp\/v2\/users\/8"}],"replies":[{"embeddable":true,"href":"https:\/\/mnbruchepiemont.org\/index.php?rest_route=%2Fwp%2Fv2%2Fcomments&post=3737"}],"version-history":[{"count":1,"href":"https:\/\/mnbruchepiemont.org\/index.php?rest_route=\/wp\/v2\/posts\/3737\/revisions"}],"predecessor-version":[{"id":3738,"href":"https:\/\/mnbruchepiemont.org\/index.php?rest_route=\/wp\/v2\/posts\/3737\/revisions\/3738"}],"wp:attachment":[{"href":"https:\/\/mnbruchepiemont.org\/index.php?rest_route=%2Fwp%2Fv2%2Fmedia&parent=3737"}],"wp:term":[{"taxonomy":"category","embeddable":true,"href":"https:\/\/mnbruchepiemont.org\/index.php?rest_route=%2Fwp%2Fv2%2Fcategories&post=3737"},{"taxonomy":"post_tag","embeddable":true,"href":"https:\/\/mnbruchepiemont.org\/index.php?rest_route=%2Fwp%2Fv2%2Ftags&post=3737"}],"curies":[{"name":"wp","href":"https:\/\/api.w.org\/{rel}","templated":true}]}}