{"id":3677,"date":"2019-10-15T16:00:51","date_gmt":"2019-10-15T14:00:51","guid":{"rendered":"http:\/\/mnbruchepiemont.org\/?p=3677"},"modified":"2019-10-15T17:38:53","modified_gmt":"2019-10-15T15:38:53","slug":"1ere-fete-de-larbre-de-10h-a-18h-dimanche-20-octobre-2019","status":"publish","type":"post","link":"https:\/\/mnbruchepiemont.org\/?p=3677","title":{"rendered":"1\u00e8re f\u00eate de l&#8217;arbre &#8211; de 10h \u00e0 18h dimanche 20 octobre 2019"},"content":{"rendered":"<p><strong>F\u00eate de l&#8217;Arbre 1\u00e8re \u00e9dition Salle des f\u00eates et Espace nature Oberhaslach.<\/strong><\/p>\n<p><a href=\"https:\/\/mnbruchepiemont.org\/?attachment_id=3701\" rel=\"attachment wp-att-3701\"><img loading=\"lazy\" decoding=\"async\" class=\"alignnone size-medium wp-image-3701\" src=\"https:\/\/mnbruchepiemont.org\/WORDPRESS\/wp-content\/uploads\/Flyer-f\u00eate-de-larbre-web.-212x300.jpg\" alt=\"\" width=\"212\" height=\"300\" srcset=\"https:\/\/mnbruchepiemont.org\/WORDPRESS\/wp-content\/uploads\/Flyer-f\u00eate-de-larbre-web.-212x300.jpg 212w, https:\/\/mnbruchepiemont.org\/WORDPRESS\/wp-content\/uploads\/Flyer-f\u00eate-de-larbre-web.-768x1086.jpg 768w, https:\/\/mnbruchepiemont.org\/WORDPRESS\/wp-content\/uploads\/Flyer-f\u00eate-de-larbre-web.-724x1024.jpg 724w, https:\/\/mnbruchepiemont.org\/WORDPRESS\/wp-content\/uploads\/Flyer-f\u00eate-de-larbre-web..jpg 1170w\" sizes=\"auto, (max-width: 212px) 100vw, 212px\" \/><\/a><\/p>\n<p>&nbsp;<\/p>\n<h1 class=\"western\" lang=\"de-DE\" align=\"justify\"><\/h1>\n<p><strong>Dimanche 20 octobre 10h-18h<\/strong><\/p>\n<ul>\n<li><span style=\"color: #ff0000;\"><strong>Repas Veg&#8217;Anne ou Chico Loco de 12h \u00e0 13h30 sur <a style=\"color: #ff0000;\" href=\"https:\/\/www.helloasso.com\/associations\/maison-de-la-nature-bruche-piemont\/evenements\/fete-de-l-arbre-1ere-edition-octobre-2019\" target=\"_blank\" rel=\"noopener noreferrer\">r\u00e9servation avant mercredi 16 avec 9 choix possible (lien vers HelloAsso)<\/a><\/strong><\/span><\/li>\n<li>Buvette<\/li>\n<li>Laissez-vous tenter par le programme de cette premi\u00e8re \u00e9dition au pays de la for\u00eat :<br \/>\n&#8211; rando guid\u00e9e sur le th\u00e8me du d\u00e9p\u00e9rissement forestier (\u00e0 10h00 \/ gratuit)<br \/>\n&#8211; balade familiale d\u00e9couverte sensorielle de la for\u00eat (\u00e0 10h30 \/ <a href=\"https:\/\/www.helloasso.com\/associations\/maison-de-la-nature-bruche-piemont\/evenements\/animations-pour-la-fete-de-l-arbre-1ere-edition-le-20-octobre-2019-2\" target=\"_blank\" rel=\"noopener noreferrer\">payant \/ r\u00e9servation<\/a>)<br \/>\n&#8211; voyage magiques et po\u00e9tique aux pays des arbres\u00a0 (\u00e0 14h00 \/ <a href=\"https:\/\/www.helloasso.com\/associations\/maison-de-la-nature-bruche-piemont\/evenements\/animations-pour-la-fete-de-l-arbre-1ere-edition-le-20-octobre-2019-2\" target=\"_blank\" rel=\"noopener noreferrer\">payant \/ r\u00e9servation<\/a>)<br \/>\n&#8211; balade &#8220;des arbres et des oiseaux&#8221; (15h30 \/ gratuit)<br \/>\n&#8211; promenade en \u00e2nes (payant \/ voir sur place)<br \/>\n&#8211; jeux forestiers (toute la journ\u00e9e \/ gratuit)<br \/>\n&#8211; chantier plantation de haies (\u00e0 partir de 14h30 \/ gratuit \/ pr\u00e9voir bottes et outils)<br \/>\n&#8211; espace ma nature cr\u00e9ative (toute la journ\u00e9e \/ gratuit \/ dans la Yourte)<br \/>\n&#8211; conf\u00e9rence &#8220;choisir mon arbre&#8221; (gratuit \/ 20&#8242; \/ petite salle)<br \/>\n&#8211; conf\u00e9rence &#8220;pourquoi greffer&#8221; (gratuit \/ 20&#8242; \/ petite salle)<br \/>\n&#8211; conf\u00e9rence sylvoth\u00e9rapie (gratuit \/ 45&#8242; \/ petite salle)<br \/>\n&#8211; conf\u00e9rence site natura 2000 du Donon-Schneeberg (gratuit \/ 45&#8242; \/ petite salle)<br \/>\n&#8211; exposition stand Alsace Nature (toute la journ\u00e9e \/ gratuit \/ salle)<br \/>\n&#8211; exposition stand Office de la Chasse et de la Faune Sauvage\u00a0 (toute la journ\u00e9e \/ gratuit \/ salle)<br \/>\n&#8211; exposition stand Ligue Protection des Oiseaux\u00a0 (toute la journ\u00e9e \/ gratuit \/ salle)<br \/>\n&#8211; stand commande arbres fruitiers (<a href=\"https:\/\/mnbruchepiemont.org\/?attachment_id=3670\" target=\"_blank\" rel=\"noopener noreferrer\">plus de d\u00e9tails ici<\/a>)<br \/>\n&#8211; exposition concours photo &#8220;cet arbre me parle&#8221; \/ vote du public<br \/>\n&#8211; exposition concours scolaire &#8220;parle \u00e0 ton arbre&#8221; \/ vote du public<br \/>\n&#8211; exposition &#8220;Natura 2000 Qu&#8217;est-ce que c&#8217;est?&#8221;<br \/>\n&#8211; exposition &#8220;Arbres remarquables du Donon&#8221;<br \/>\n&#8211; exposition de photos d&#8217;arbres<\/li>\n<\/ul>\n<p>&gt;<\/p>\n","protected":false},"excerpt":{"rendered":"<p>F\u00eate de l&#8217;Arbre 1\u00e8re \u00e9dition Salle des f\u00eates et Espace nature Oberhaslach. &nbsp; Dimanche 20 octobre 10h-18h Repas Veg&#8217;Anne ou Chico Loco de 12h \u00e0 13h30 sur r\u00e9servation avant mercredi 16 avec 9 choix possible (lien vers HelloAsso) Buvette Laissez-vous &hellip; <a href=\"https:\/\/mnbruchepiemont.org\/?p=3677\">Continuer la lecture <span class=\"meta-nav\">&rarr;<\/span><\/a><\/p>\n","protected":false},"author":8,"featured_media":0,"comment_status":"closed","ping_status":"closed","sticky":false,"template":"","format":"standard","meta":{"footnotes":""},"categories":[25],"tags":[114],"class_list":["post-3677","post","type-post","status-publish","format-standard","hentry","category-les-activites","tag-114"],"_links":{"self":[{"href":"https:\/\/mnbruchepiemont.org\/index.php?rest_route=\/wp\/v2\/posts\/3677","targetHints":{"allow":["GET"]}}],"collection":[{"href":"https:\/\/mnbruchepiemont.org\/index.php?rest_route=\/wp\/v2\/posts"}],"about":[{"href":"https:\/\/mnbruchepiemont.org\/index.php?rest_route=\/wp\/v2\/types\/post"}],"author":[{"embeddable":true,"href":"https:\/\/mnbruchepiemont.org\/index.php?rest_route=\/wp\/v2\/users\/8"}],"replies":[{"embeddable":true,"href":"https:\/\/mnbruchepiemont.org\/index.php?rest_route=%2Fwp%2Fv2%2Fcomments&post=3677"}],"version-history":[{"count":26,"href":"https:\/\/mnbruchepiemont.org\/index.php?rest_route=\/wp\/v2\/posts\/3677\/revisions"}],"predecessor-version":[{"id":3753,"href":"https:\/\/mnbruchepiemont.org\/index.php?rest_route=\/wp\/v2\/posts\/3677\/revisions\/3753"}],"wp:attachment":[{"href":"https:\/\/mnbruchepiemont.org\/index.php?rest_route=%2Fwp%2Fv2%2Fmedia&parent=3677"}],"wp:term":[{"taxonomy":"category","embeddable":true,"href":"https:\/\/mnbruchepiemont.org\/index.php?rest_route=%2Fwp%2Fv2%2Fcategories&post=3677"},{"taxonomy":"post_tag","embeddable":true,"href":"https:\/\/mnbruchepiemont.org\/index.php?rest_route=%2Fwp%2Fv2%2Ftags&post=3677"}],"curies":[{"name":"wp","href":"https:\/\/api.w.org\/{rel}","templated":true}]}}