{"id":3663,"date":"2019-09-11T18:17:52","date_gmt":"2019-09-11T16:17:52","guid":{"rendered":"http:\/\/mnbruchepiemont.org\/?p=3663"},"modified":"2019-10-04T10:40:23","modified_gmt":"2019-10-04T08:40:23","slug":"forum-de-la-jeunesse-dans-la-vallee-de-la-bruche-vendredi-20-septembre-2019-de-9h-a-17h","status":"publish","type":"post","link":"https:\/\/mnbruchepiemont.org\/?p=3663","title":{"rendered":"Forum de la Jeunesse dans la Vall\u00e9e de la Bruche &#8211; Vendredi 20 septembre 2019 de 9h \u00e0 17h"},"content":{"rendered":"<div class=\"\">\n<div class=\"_1mf _1mj\">Rencontrons-nous lors du forum de la Jeunesse dans la Vall\u00e9e de la Bruche. Notre association sera pr\u00e9sente le <span id=\"OBJ_PREFIX_DWT40_com_zimbra_date\" class=\"Object\">vendredi<\/span> 20 septembre pour vous pr\u00e9senter nos missions, nos activit\u00e9s et notre chouette \u00e9quipe !<\/div>\n<\/div>\n<div class=\"\">\n<div class=\"_1mf _1mj\">A la salle polyvalente de La Broque de 9h \u00e0 17h, pour s&#8217;informer, prendre du bon temps et s&#8217;investir !<\/div>\n<\/div>\n<div class=\"\">\n<div class=\"_1mf _1mj\">Avec :<\/div>\n<\/div>\n<div class=\"\">\n<div class=\"_1mf _1mj\"><span class=\"_247o\">Jeunesse Vall\u00e9e de la Bruche<\/span><\/div>\n<div class=\"_1mf _1mj\"><span class=\"_247o\">CC Vall\u00e9e de la Bruche<\/span><\/div>\n<div class=\"_1mf _1mj\">Commune de La Broque<\/div>\n<div class=\"_1mf _1mj\">F\u00e9d\u00e9ration des MJC d&#8217;Alsace<\/div>\n<div><a href=\"https:\/\/mnbruchepiemont.org\/?attachment_id=3665\" rel=\"attachment wp-att-3665\"><img loading=\"lazy\" decoding=\"async\" class=\"alignnone size-medium wp-image-3665\" src=\"https:\/\/mnbruchepiemont.org\/WORDPRESS\/wp-content\/uploads\/VB_forum-de-la-jeunesse-2019-A3-web-212x300.jpg\" alt=\"\" width=\"212\" height=\"300\" srcset=\"https:\/\/mnbruchepiemont.org\/WORDPRESS\/wp-content\/uploads\/VB_forum-de-la-jeunesse-2019-A3-web-212x300.jpg 212w, https:\/\/mnbruchepiemont.org\/WORDPRESS\/wp-content\/uploads\/VB_forum-de-la-jeunesse-2019-A3-web-768x1086.jpg 768w, https:\/\/mnbruchepiemont.org\/WORDPRESS\/wp-content\/uploads\/VB_forum-de-la-jeunesse-2019-A3-web-724x1024.jpg 724w, https:\/\/mnbruchepiemont.org\/WORDPRESS\/wp-content\/uploads\/VB_forum-de-la-jeunesse-2019-A3-web.jpg 1754w\" sizes=\"auto, (max-width: 212px) 100vw, 212px\" \/><\/a><\/div>\n<\/div>\n","protected":false},"excerpt":{"rendered":"<p>Rencontrons-nous lors du forum de la Jeunesse dans la Vall\u00e9e de la Bruche. Notre association sera pr\u00e9sente le vendredi 20 septembre pour vous pr\u00e9senter nos missions, nos activit\u00e9s et notre chouette \u00e9quipe ! A la salle polyvalente de La Broque &hellip; <a href=\"https:\/\/mnbruchepiemont.org\/?p=3663\">Continuer la lecture <span class=\"meta-nav\">&rarr;<\/span><\/a><\/p>\n","protected":false},"author":8,"featured_media":0,"comment_status":"closed","ping_status":"closed","sticky":false,"template":"","format":"standard","meta":{"footnotes":""},"categories":[25],"tags":[113],"class_list":["post-3663","post","type-post","status-publish","format-standard","hentry","category-les-activites","tag-113"],"_links":{"self":[{"href":"https:\/\/mnbruchepiemont.org\/index.php?rest_route=\/wp\/v2\/posts\/3663","targetHints":{"allow":["GET"]}}],"collection":[{"href":"https:\/\/mnbruchepiemont.org\/index.php?rest_route=\/wp\/v2\/posts"}],"about":[{"href":"https:\/\/mnbruchepiemont.org\/index.php?rest_route=\/wp\/v2\/types\/post"}],"author":[{"embeddable":true,"href":"https:\/\/mnbruchepiemont.org\/index.php?rest_route=\/wp\/v2\/users\/8"}],"replies":[{"embeddable":true,"href":"https:\/\/mnbruchepiemont.org\/index.php?rest_route=%2Fwp%2Fv2%2Fcomments&post=3663"}],"version-history":[{"count":2,"href":"https:\/\/mnbruchepiemont.org\/index.php?rest_route=\/wp\/v2\/posts\/3663\/revisions"}],"predecessor-version":[{"id":3666,"href":"https:\/\/mnbruchepiemont.org\/index.php?rest_route=\/wp\/v2\/posts\/3663\/revisions\/3666"}],"wp:attachment":[{"href":"https:\/\/mnbruchepiemont.org\/index.php?rest_route=%2Fwp%2Fv2%2Fmedia&parent=3663"}],"wp:term":[{"taxonomy":"category","embeddable":true,"href":"https:\/\/mnbruchepiemont.org\/index.php?rest_route=%2Fwp%2Fv2%2Fcategories&post=3663"},{"taxonomy":"post_tag","embeddable":true,"href":"https:\/\/mnbruchepiemont.org\/index.php?rest_route=%2Fwp%2Fv2%2Ftags&post=3663"}],"curies":[{"name":"wp","href":"https:\/\/api.w.org\/{rel}","templated":true}]}}