{"id":3655,"date":"2019-09-27T11:00:32","date_gmt":"2019-09-27T09:00:32","guid":{"rendered":"http:\/\/mnbruchepiemont.org\/?p=3655"},"modified":"2019-09-08T11:03:12","modified_gmt":"2019-09-08T09:03:12","slug":"randoyoga-chaumes-secretes-dimanche-6-octobre-2019","status":"publish","type":"post","link":"https:\/\/mnbruchepiemont.org\/?p=3655","title":{"rendered":"Rando\u2019yoga \u00ab Chaumes Secr\u00e8tes \u00bb Dimanche 6 octobre 2019"},"content":{"rendered":"<p>Rando\u2019yoga \u00ab Chaumes Secr\u00e8tes \u00bb de 10h \u00e0 17h<br \/>\nanim\u00e9 par Jo\u00eblle Meunier et Jean-Claude Rodriguez<br \/>\nEvadez-vous lors d\u2019une balade dans la for\u00eat et les prairies d\u2019altitude de la Chaume des Veaux.<br \/>\nLa rando sera agr\u00e9ment\u00e9e de jeux sensoriels et de pauses yoga.<br \/>\n&gt; RDV Col de la Charbonni\u00e8re.<br \/>\nGratuit pour les membres MNBP ou Yog\u2019Hasel.<br \/>\n<a href=\"https:\/\/www.helloasso.com\/associations\/maison-de-la-nature-bruche-piemont\/evenements\/rando-yoga-les-chaumes-secretes\" target=\"_blank\" rel=\"noopener noreferrer\">Inscription sur HelloAsso avec ce lien<\/a>\u00a0ou au 07 82 37 82 12<\/p>\n<p><a href=\"https:\/\/mnbruchepiemont.org\/?attachment_id=3654\" rel=\"attachment wp-att-3654\"><img loading=\"lazy\" decoding=\"async\" class=\"alignnone size-medium wp-image-3654\" src=\"https:\/\/mnbruchepiemont.org\/WORDPRESS\/wp-content\/uploads\/chaumes-vosges-mnbp-300x150.jpg\" sizes=\"auto, (max-width: 300px) 100vw, 300px\" srcset=\"https:\/\/mnbruchepiemont.org\/WORDPRESS\/wp-content\/uploads\/chaumes-vosges-mnbp-300x150.jpg 300w, https:\/\/mnbruchepiemont.org\/WORDPRESS\/wp-content\/uploads\/chaumes-vosges-mnbp-768x384.jpg 768w, https:\/\/mnbruchepiemont.org\/WORDPRESS\/wp-content\/uploads\/chaumes-vosges-mnbp-500x250.jpg 500w, https:\/\/mnbruchepiemont.org\/WORDPRESS\/wp-content\/uploads\/chaumes-vosges-mnbp.jpg 900w\" alt=\"\" width=\"300\" height=\"150\" \/><\/a><\/p>\n","protected":false},"excerpt":{"rendered":"<p>Rando\u2019yoga \u00ab Chaumes Secr\u00e8tes \u00bb de 10h \u00e0 17h anim\u00e9 par Jo\u00eblle Meunier et Jean-Claude Rodriguez Evadez-vous lors d\u2019une balade dans la for\u00eat et les prairies d\u2019altitude de la Chaume des Veaux. La rando sera agr\u00e9ment\u00e9e de jeux sensoriels et &hellip; <a href=\"https:\/\/mnbruchepiemont.org\/?p=3655\">Continuer la lecture <span class=\"meta-nav\">&rarr;<\/span><\/a><\/p>\n","protected":false},"author":8,"featured_media":0,"comment_status":"closed","ping_status":"closed","sticky":false,"template":"","format":"standard","meta":{"footnotes":""},"categories":[25],"tags":[114],"class_list":["post-3655","post","type-post","status-publish","format-standard","hentry","category-les-activites","tag-114"],"_links":{"self":[{"href":"https:\/\/mnbruchepiemont.org\/index.php?rest_route=\/wp\/v2\/posts\/3655","targetHints":{"allow":["GET"]}}],"collection":[{"href":"https:\/\/mnbruchepiemont.org\/index.php?rest_route=\/wp\/v2\/posts"}],"about":[{"href":"https:\/\/mnbruchepiemont.org\/index.php?rest_route=\/wp\/v2\/types\/post"}],"author":[{"embeddable":true,"href":"https:\/\/mnbruchepiemont.org\/index.php?rest_route=\/wp\/v2\/users\/8"}],"replies":[{"embeddable":true,"href":"https:\/\/mnbruchepiemont.org\/index.php?rest_route=%2Fwp%2Fv2%2Fcomments&post=3655"}],"version-history":[{"count":2,"href":"https:\/\/mnbruchepiemont.org\/index.php?rest_route=\/wp\/v2\/posts\/3655\/revisions"}],"predecessor-version":[{"id":3657,"href":"https:\/\/mnbruchepiemont.org\/index.php?rest_route=\/wp\/v2\/posts\/3655\/revisions\/3657"}],"wp:attachment":[{"href":"https:\/\/mnbruchepiemont.org\/index.php?rest_route=%2Fwp%2Fv2%2Fmedia&parent=3655"}],"wp:term":[{"taxonomy":"category","embeddable":true,"href":"https:\/\/mnbruchepiemont.org\/index.php?rest_route=%2Fwp%2Fv2%2Fcategories&post=3655"},{"taxonomy":"post_tag","embeddable":true,"href":"https:\/\/mnbruchepiemont.org\/index.php?rest_route=%2Fwp%2Fv2%2Ftags&post=3655"}],"curies":[{"name":"wp","href":"https:\/\/api.w.org\/{rel}","templated":true}]}}