{"id":3650,"date":"2019-09-20T18:31:28","date_gmt":"2019-09-20T16:31:28","guid":{"rendered":"http:\/\/mnbruchepiemont.org\/?p=3650"},"modified":"2019-09-08T11:40:40","modified_gmt":"2019-09-08T09:40:40","slug":"balade-de-decouverte-de-la-souffel-le-29-septembre-2019","status":"publish","type":"post","link":"https:\/\/mnbruchepiemont.org\/?p=3650","title":{"rendered":"Balade de d\u00e9couverte de la Souffel le 29 septembre 2019"},"content":{"rendered":"<p>Dans le cadre du partenariat Souffel 2027*, pour la reconqu\u00eate de la qualit\u00e9 du cours d\u2019eau du bassin versant de la Souffel, l\u2019\u00a0<span id=\"OBJ_PREFIX_DWT751_com_zimbra_url\" class=\"Object\"><a href=\"https:\/\/www.facebook.com\/AgenceEauRhinMeuse\/\" target=\"_blank\" rel=\"noopener noreferrer\">Agence de l&#8217;eau Rhin-Meuse<\/a><\/span>, le\u00a0<span id=\"OBJ_PREFIX_DWT752_com_zimbra_url\" class=\"Object\"><a href=\"https:\/\/www.facebook.com\/SDEAAlsaceMoselle\/\" target=\"_blank\" rel=\"noopener noreferrer\">SDEA Alsace-Moselle<\/a><\/span>, la Communaut\u00e9 de Communes du Kochersberg et de l\u2019Ackerland, la\u00a0<span id=\"OBJ_PREFIX_DWT753_com_zimbra_url\" class=\"Object\"><a href=\"https:\/\/www.facebook.com\/Commune-de-Kuttolsheim-658405734302114\/\" target=\"_blank\" rel=\"noopener noreferrer\">Commune de Kuttolsheim<\/a><\/span>, la\u00a0<span id=\"OBJ_PREFIX_DWT754_com_zimbra_url\" class=\"Object\"><a href=\"https:\/\/www.facebook.com\/chambre.agriculture.alsace\/\" target=\"_blank\" rel=\"noopener noreferrer\">Chambre d&#8217;agriculture Alsace<\/a><\/span>, le\u00a0<span id=\"OBJ_PREFIX_DWT755_com_zimbra_url\" class=\"Object\"><a href=\"https:\/\/www.facebook.com\/Officedetourismekochersberg\/\" target=\"_blank\" rel=\"noopener noreferrer\">Le Beau Jardin &#8211; Kochersberg<\/a><\/span>\u00a0et\u00a0<span id=\"OBJ_PREFIX_DWT756_com_zimbra_url\" class=\"Object\"><a href=\"https:\/\/www.facebook.com\/maisondelanaturebruchepiemont\/\" target=\"_blank\" rel=\"noopener noreferrer\">La Maison de la Nature Bruche Pi\u00e9mont<\/a><\/span>\u00a0organisent un \u00e9v\u00e9nement gratuit, festif et familial pour d\u00e9couvrir autrement la Souffel et sa biodiversit\u00e9 le\u00a0<span id=\"OBJ_PREFIX_DWT757_com_zimbra_date\" class=\"Object\">dimanche 29 septembre 2019<\/span>\u00a0\u00e0 Kuttolsheim.<\/p>\n<p>Rendez-vous le 29 septembre prochain \u00e0 partir de 9h00 (dernier d\u00e9part \u00e0 15h00) \u00e0 la salle des f\u00eates de Kuttolsheim pour une balade de d\u00e9couverte de la Souffel\u00a0<span class=\"_5mfr\"><span class=\"_6qdm\">&#x1f4a7;<\/span><\/span><br \/>\nVenez r\u00e9pondre aux \u00e9nigmes dispos\u00e9es tout le long des 2 parcours et d\u00e9couvrir le patrimoine culturel et naturel du territoire.<\/p>\n<p>2 parcours au choix :<br \/>\n&gt; 4 km pour petits et grands<span class=\"text_exposed_show\"><br \/>\n&gt; 12 km pour les plus sportifs<\/span><\/p>\n<div class=\"text_exposed_show\">\n<p>Le principe ? R\u00e9soudre des \u00e9nigmes et d\u00e9couvrir les mots myst\u00e8res <span class=\"_5mfr\"><span class=\"_6qdm\">&#x1f575;&#xfe0f;&#x200d;&#x2640;&#xfe0f;<\/span><\/span><br \/>\nPourquoi ? Pour pr\u00e9server la Souffel et ses affluents\u00a0<span class=\"_5mfr\"><span class=\"_6qdm\">&#x1f38b;<\/span><\/span><br \/>\nComment ? A l\u2019aide du livret d\u2019indices et d\u2019un plan qui vous sera remis au d\u00e9part\u00a0<span class=\"_5mfr\"><span class=\"_6qdm\">&#x1f4dc;<\/span><\/span><\/p>\n<p>\u00c0 vous de jouer, et pourquoi pas, de remporter des lots !<\/p>\n<p>De nombreuses animations \u00e0 la salle des f\u00eates de Kuttolsheim (rue des pr\u00e9s) :<\/p>\n<p>&gt; Des expositions (photos, protection des ressources naturelles\u2026)<br \/>\n&gt; Des jeux<br \/>\n&gt; Une animation 3D pour plonger virtuellement au c\u0153ur du cycle de l\u2019eau<br \/>\n&gt; Un atelier dessin<br \/>\n&gt; Des lots \u00e0 gagner<br \/>\n&gt; Un march\u00e9 du terroir<br \/>\n&gt; Petite restauration tenue par l&#8217;\u00a0<span id=\"OBJ_PREFIX_DWT758_com_zimbra_url\" class=\"Object\"><a class=\"profileLink\" href=\"https:\/\/www.facebook.com\/acakuttolsheim\/?__tn__=K-R&amp;eid=ARDqDV-tmPfzsQ-6oadzoCeL0JCPVadvCSEKpfAVNMgDPw1EZcYm898NXbRsMaSD2auWqbu69UZBOavZ&amp;fref=mentions&amp;__xts__%5B0%5D=68.ARBaZsZKsa_KnzeGiWq-2BQJIDPv7A1XkOsMByfoVFWPF3Er_AfVRG6Apj7hFHjTKACFyqIfCgmmzKiCtv1uqHDYXKGUigKaNo-hPuQLWV95ADNnTBYmoe43TeqBvjaJsAkmjqvEfuZisPg22F84dIrQNWnbfbO1gFCRTqnu8VFRhwibfkfKo78c_MD7aSVpgPUDDHbwM70DgdlKcRmWjEIk_vFci8HaOOYG_eY2sazwRqEIGiSVrOpgKJzEbJBJyZX6SQ7ClDdGI4pvuumYm6MMlj_gEhbKDM0JyK43ctBwEmSLYD46Xsf3rAWBccLMWT7OuybfrK0Vny2Us32ituxU7aCMtN1HO6-cmrab0quODm_Gh3N2yApsg1OLoNg\" target=\"_blank\" rel=\"noopener noreferrer\">Association Culture et Animation Kuttolsheim<\/a><\/span><\/p>\n<\/div>\n","protected":false},"excerpt":{"rendered":"<p>Dans le cadre du partenariat Souffel 2027*, pour la reconqu\u00eate de la qualit\u00e9 du cours d\u2019eau du bassin versant de la Souffel, l\u2019\u00a0Agence de l&#8217;eau Rhin-Meuse, le\u00a0SDEA Alsace-Moselle, la Communaut\u00e9 de Communes du Kochersberg et de l\u2019Ackerland, la\u00a0Commune de Kuttolsheim, &hellip; <a href=\"https:\/\/mnbruchepiemont.org\/?p=3650\">Continuer la lecture <span class=\"meta-nav\">&rarr;<\/span><\/a><\/p>\n","protected":false},"author":8,"featured_media":0,"comment_status":"closed","ping_status":"closed","sticky":false,"template":"","format":"standard","meta":{"footnotes":""},"categories":[25],"tags":[113],"class_list":["post-3650","post","type-post","status-publish","format-standard","hentry","category-les-activites","tag-113"],"_links":{"self":[{"href":"https:\/\/mnbruchepiemont.org\/index.php?rest_route=\/wp\/v2\/posts\/3650","targetHints":{"allow":["GET"]}}],"collection":[{"href":"https:\/\/mnbruchepiemont.org\/index.php?rest_route=\/wp\/v2\/posts"}],"about":[{"href":"https:\/\/mnbruchepiemont.org\/index.php?rest_route=\/wp\/v2\/types\/post"}],"author":[{"embeddable":true,"href":"https:\/\/mnbruchepiemont.org\/index.php?rest_route=\/wp\/v2\/users\/8"}],"replies":[{"embeddable":true,"href":"https:\/\/mnbruchepiemont.org\/index.php?rest_route=%2Fwp%2Fv2%2Fcomments&post=3650"}],"version-history":[{"count":2,"href":"https:\/\/mnbruchepiemont.org\/index.php?rest_route=\/wp\/v2\/posts\/3650\/revisions"}],"predecessor-version":[{"id":3652,"href":"https:\/\/mnbruchepiemont.org\/index.php?rest_route=\/wp\/v2\/posts\/3650\/revisions\/3652"}],"wp:attachment":[{"href":"https:\/\/mnbruchepiemont.org\/index.php?rest_route=%2Fwp%2Fv2%2Fmedia&parent=3650"}],"wp:term":[{"taxonomy":"category","embeddable":true,"href":"https:\/\/mnbruchepiemont.org\/index.php?rest_route=%2Fwp%2Fv2%2Fcategories&post=3650"},{"taxonomy":"post_tag","embeddable":true,"href":"https:\/\/mnbruchepiemont.org\/index.php?rest_route=%2Fwp%2Fv2%2Ftags&post=3650"}],"curies":[{"name":"wp","href":"https:\/\/api.w.org\/{rel}","templated":true}]}}