{"id":3626,"date":"2019-08-12T08:37:12","date_gmt":"2019-08-12T06:37:12","guid":{"rendered":"http:\/\/mnbruchepiemont.org\/?p=3626"},"modified":"2019-07-17T18:39:15","modified_gmt":"2019-07-17T16:39:15","slug":"a-velo-par-nature-samedi-24-aout-2019","status":"publish","type":"post","link":"https:\/\/mnbruchepiemont.org\/?p=3626","title":{"rendered":"A v\u00e9lo par nature ! Samedi 24 ao\u00fbt 2019"},"content":{"rendered":"<p>Attention le programme de la journ\u00e9e a chang\u00e9 par rapport au programme papier publi\u00e9 en d\u00e9but d&#8217;ann\u00e9e.<\/p>\n<p>A v\u00e9lo par nature ! de 13h30 \u00e0 17h00<br \/>\nNotre corps dans la nature: (Re) connectez-vous!<br \/>\nD\u00e9couvrez le paysage le long des pistes cyclables<br \/>\net apprenez \u00e0 faire corps avec le nature.<br \/>\nRDV \u00e0 13h30 au &#8220;lavoir&#8221; \u00e0 Ernolsheim-Bruche<br \/>\nPr\u00e9voir boisson &amp; tenue adapt\u00e9e<br \/>\nCasque obligatoire pour les &#8211; de 12 ans<\/p>\n<p>Inscription obligatoire sur <a href=\"https:\/\/www.helloasso.com\/associations\/maison-de-la-nature-bruche-piemont\/evenements\/a-velo-par-nature-2\" target=\"_blank\" rel=\"noopener noreferrer\">HelloAsso avec ce lien<\/a><br \/>\nMNBP 09 53 17 41 23 \/ 06 76 84 34 53<\/p>\n<p>&nbsp;<\/p>\n<p><a href=\"https:\/\/mnbruchepiemont.org\/?attachment_id=3625\" rel=\"attachment wp-att-3625\"><img loading=\"lazy\" decoding=\"async\" class=\"alignnone size-medium wp-image-3625\" src=\"https:\/\/mnbruchepiemont.org\/WORDPRESS\/wp-content\/uploads\/A-v\u00e9lo-par-nature-24.08.19-212x300.jpg\" alt=\"\" width=\"212\" height=\"300\" srcset=\"https:\/\/mnbruchepiemont.org\/WORDPRESS\/wp-content\/uploads\/A-v\u00e9lo-par-nature-24.08.19-212x300.jpg 212w, https:\/\/mnbruchepiemont.org\/WORDPRESS\/wp-content\/uploads\/A-v\u00e9lo-par-nature-24.08.19-768x1086.jpg 768w, https:\/\/mnbruchepiemont.org\/WORDPRESS\/wp-content\/uploads\/A-v\u00e9lo-par-nature-24.08.19-724x1024.jpg 724w, https:\/\/mnbruchepiemont.org\/WORDPRESS\/wp-content\/uploads\/A-v\u00e9lo-par-nature-24.08.19.jpg 794w\" sizes=\"auto, (max-width: 212px) 100vw, 212px\" \/><\/a><\/p>\n","protected":false},"excerpt":{"rendered":"<p>Attention le programme de la journ\u00e9e a chang\u00e9 par rapport au programme papier publi\u00e9 en d\u00e9but d&#8217;ann\u00e9e. A v\u00e9lo par nature ! de 13h30 \u00e0 17h00 Notre corps dans la nature: (Re) connectez-vous! D\u00e9couvrez le paysage le long des pistes &hellip; <a href=\"https:\/\/mnbruchepiemont.org\/?p=3626\">Continuer la lecture <span class=\"meta-nav\">&rarr;<\/span><\/a><\/p>\n","protected":false},"author":8,"featured_media":0,"comment_status":"closed","ping_status":"closed","sticky":false,"template":"","format":"standard","meta":{"footnotes":""},"categories":[25],"tags":[110],"class_list":["post-3626","post","type-post","status-publish","format-standard","hentry","category-les-activites","tag-110"],"_links":{"self":[{"href":"https:\/\/mnbruchepiemont.org\/index.php?rest_route=\/wp\/v2\/posts\/3626","targetHints":{"allow":["GET"]}}],"collection":[{"href":"https:\/\/mnbruchepiemont.org\/index.php?rest_route=\/wp\/v2\/posts"}],"about":[{"href":"https:\/\/mnbruchepiemont.org\/index.php?rest_route=\/wp\/v2\/types\/post"}],"author":[{"embeddable":true,"href":"https:\/\/mnbruchepiemont.org\/index.php?rest_route=\/wp\/v2\/users\/8"}],"replies":[{"embeddable":true,"href":"https:\/\/mnbruchepiemont.org\/index.php?rest_route=%2Fwp%2Fv2%2Fcomments&post=3626"}],"version-history":[{"count":1,"href":"https:\/\/mnbruchepiemont.org\/index.php?rest_route=\/wp\/v2\/posts\/3626\/revisions"}],"predecessor-version":[{"id":3627,"href":"https:\/\/mnbruchepiemont.org\/index.php?rest_route=\/wp\/v2\/posts\/3626\/revisions\/3627"}],"wp:attachment":[{"href":"https:\/\/mnbruchepiemont.org\/index.php?rest_route=%2Fwp%2Fv2%2Fmedia&parent=3626"}],"wp:term":[{"taxonomy":"category","embeddable":true,"href":"https:\/\/mnbruchepiemont.org\/index.php?rest_route=%2Fwp%2Fv2%2Fcategories&post=3626"},{"taxonomy":"post_tag","embeddable":true,"href":"https:\/\/mnbruchepiemont.org\/index.php?rest_route=%2Fwp%2Fv2%2Ftags&post=3626"}],"curies":[{"name":"wp","href":"https:\/\/api.w.org\/{rel}","templated":true}]}}