{"id":3603,"date":"2019-06-24T12:40:48","date_gmt":"2019-06-24T10:40:48","guid":{"rendered":"http:\/\/mnbruchepiemont.org\/?p=3603"},"modified":"2022-06-01T16:13:19","modified_gmt":"2022-06-01T14:13:19","slug":"du-8-au-12-juillet-pour-les-11-15-ans-un-sejour-itinerant-walktrip","status":"publish","type":"post","link":"https:\/\/mnbruchepiemont.org\/?p=3603","title":{"rendered":"Du 8 au 12 juillet pour les 11-15 ans un s\u00e9jour itin\u00e9rant &#8220;Walk\u2019trip&#8221;"},"content":{"rendered":"<p>Le nombre de place est limit\u00e9. Afin que nous leurs r\u00e9servions une place,<br \/>\nPensez \u00e0 inscrire rapidement vos enfants ou vos petits enfants<br \/>\nsi possible avec les liens ci-dessous&#8230;<\/p>\n<p>Du 8 au 12 juillet pour les 11-15 ans un s\u00e9jour itin\u00e9rant &#8220;Walk\u2019trip&#8221;<br \/>\nLe Tour de la Vall\u00e9e avec Les \u00e2nes du Grand Spiess<br \/>\n<a href=\"https:\/\/www.helloasso.com\/associations\/maison-de-la-nature-bruche-piemont\/evenements\/sejour-itinerant-11-15-ans\" target=\"_blank\" rel=\"noopener noreferrer\">Lien WalkTrip pour r\u00e9server sur HelloAsso<\/a><\/p>\n<p><a href=\"https:\/\/mnbruchepiemont.org\/?attachment_id=3568\" rel=\"attachment wp-att-3568\"><img loading=\"lazy\" decoding=\"async\" class=\"alignnone size-medium wp-image-3568\" src=\"https:\/\/mnbruchepiemont.org\/WORDPRESS\/wp-content\/uploads\/2019-8-au-12-juillet-camp-ado-\u00e2nes-211x300.jpg\" alt=\"\" width=\"211\" height=\"300\" srcset=\"https:\/\/mnbruchepiemont.org\/WORDPRESS\/wp-content\/uploads\/2019-8-au-12-juillet-camp-ado-\u00e2nes-211x300.jpg 211w, https:\/\/mnbruchepiemont.org\/WORDPRESS\/wp-content\/uploads\/2019-8-au-12-juillet-camp-ado-\u00e2nes-768x1089.jpg 768w, https:\/\/mnbruchepiemont.org\/WORDPRESS\/wp-content\/uploads\/2019-8-au-12-juillet-camp-ado-\u00e2nes-722x1024.jpg 722w, https:\/\/mnbruchepiemont.org\/WORDPRESS\/wp-content\/uploads\/2019-8-au-12-juillet-camp-ado-\u00e2nes.jpg 1749w\" sizes=\"auto, (max-width: 211px) 100vw, 211px\" \/><\/a><\/p>\n","protected":false},"excerpt":{"rendered":"<p>Le nombre de place est limit\u00e9. Afin que nous leurs r\u00e9servions une place, Pensez \u00e0 inscrire rapidement vos enfants ou vos petits enfants si possible avec les liens ci-dessous&#8230; Du 8 au 12 juillet pour les 11-15 ans un s\u00e9jour &hellip; <a href=\"https:\/\/mnbruchepiemont.org\/?p=3603\">Continuer la lecture <span class=\"meta-nav\">&rarr;<\/span><\/a><\/p>\n","protected":false},"author":8,"featured_media":0,"comment_status":"closed","ping_status":"closed","sticky":false,"template":"","format":"standard","meta":{"footnotes":""},"categories":[29],"tags":[109],"class_list":["post-3603","post","type-post","status-publish","format-standard","hentry","category-club-nature-2013","tag-109"],"_links":{"self":[{"href":"https:\/\/mnbruchepiemont.org\/index.php?rest_route=\/wp\/v2\/posts\/3603","targetHints":{"allow":["GET"]}}],"collection":[{"href":"https:\/\/mnbruchepiemont.org\/index.php?rest_route=\/wp\/v2\/posts"}],"about":[{"href":"https:\/\/mnbruchepiemont.org\/index.php?rest_route=\/wp\/v2\/types\/post"}],"author":[{"embeddable":true,"href":"https:\/\/mnbruchepiemont.org\/index.php?rest_route=\/wp\/v2\/users\/8"}],"replies":[{"embeddable":true,"href":"https:\/\/mnbruchepiemont.org\/index.php?rest_route=%2Fwp%2Fv2%2Fcomments&post=3603"}],"version-history":[{"count":3,"href":"https:\/\/mnbruchepiemont.org\/index.php?rest_route=\/wp\/v2\/posts\/3603\/revisions"}],"predecessor-version":[{"id":3606,"href":"https:\/\/mnbruchepiemont.org\/index.php?rest_route=\/wp\/v2\/posts\/3603\/revisions\/3606"}],"wp:attachment":[{"href":"https:\/\/mnbruchepiemont.org\/index.php?rest_route=%2Fwp%2Fv2%2Fmedia&parent=3603"}],"wp:term":[{"taxonomy":"category","embeddable":true,"href":"https:\/\/mnbruchepiemont.org\/index.php?rest_route=%2Fwp%2Fv2%2Fcategories&post=3603"},{"taxonomy":"post_tag","embeddable":true,"href":"https:\/\/mnbruchepiemont.org\/index.php?rest_route=%2Fwp%2Fv2%2Ftags&post=3603"}],"curies":[{"name":"wp","href":"https:\/\/api.w.org\/{rel}","templated":true}]}}