{"id":3596,"date":"2019-07-05T10:12:36","date_gmt":"2019-07-05T08:12:36","guid":{"rendered":"http:\/\/mnbruchepiemont.org\/?p=3596"},"modified":"2019-07-08T09:32:14","modified_gmt":"2019-07-08T07:32:14","slug":"balade-nocturne-mardi-9-juillet-2019","status":"publish","type":"post","link":"https:\/\/mnbruchepiemont.org\/?p=3596","title":{"rendered":"Balade Nocturne mardi 9 juillet 2019"},"content":{"rendered":"<p>Balade Nocturne de 21h \u00e0 23h<br \/>\nanim\u00e9 par Jean-Claude Rodriguez, C\u00e9line Johann,<br \/>\nCarole Behr Kohser et V\u00e9ronique Daul<br \/>\nUne promenade pour se connecter \u00e0 l\u2019univers de la<br \/>\nnuit, ressentir, \u00e9couter, partager\u2026<br \/>\n&gt; RDV Grendelbruch direction Muckenbach (colonies de vacances).<br \/>\n<a href=\"https:\/\/www.helloasso.com\/associations\/maison-de-la-nature-bruche-piemont\/evenements\/balade-nocturne\" target=\"_blank\" rel=\"noopener noreferrer\">Inscription sur Hellosso<\/a><br \/>\nMNBP 06 76 84 34 53<\/p>\n","protected":false},"excerpt":{"rendered":"<p>Balade Nocturne de 21h \u00e0 23h anim\u00e9 par Jean-Claude Rodriguez, C\u00e9line Johann, Carole Behr Kohser et V\u00e9ronique Daul Une promenade pour se connecter \u00e0 l\u2019univers de la nuit, ressentir, \u00e9couter, partager\u2026 &gt; RDV Grendelbruch direction Muckenbach (colonies de vacances). Inscription &hellip; <a href=\"https:\/\/mnbruchepiemont.org\/?p=3596\">Continuer la lecture <span class=\"meta-nav\">&rarr;<\/span><\/a><\/p>\n","protected":false},"author":8,"featured_media":0,"comment_status":"closed","ping_status":"closed","sticky":false,"template":"","format":"standard","meta":{"footnotes":""},"categories":[25],"tags":[109],"class_list":["post-3596","post","type-post","status-publish","format-standard","hentry","category-les-activites","tag-109"],"_links":{"self":[{"href":"https:\/\/mnbruchepiemont.org\/index.php?rest_route=\/wp\/v2\/posts\/3596","targetHints":{"allow":["GET"]}}],"collection":[{"href":"https:\/\/mnbruchepiemont.org\/index.php?rest_route=\/wp\/v2\/posts"}],"about":[{"href":"https:\/\/mnbruchepiemont.org\/index.php?rest_route=\/wp\/v2\/types\/post"}],"author":[{"embeddable":true,"href":"https:\/\/mnbruchepiemont.org\/index.php?rest_route=\/wp\/v2\/users\/8"}],"replies":[{"embeddable":true,"href":"https:\/\/mnbruchepiemont.org\/index.php?rest_route=%2Fwp%2Fv2%2Fcomments&post=3596"}],"version-history":[{"count":3,"href":"https:\/\/mnbruchepiemont.org\/index.php?rest_route=\/wp\/v2\/posts\/3596\/revisions"}],"predecessor-version":[{"id":3599,"href":"https:\/\/mnbruchepiemont.org\/index.php?rest_route=\/wp\/v2\/posts\/3596\/revisions\/3599"}],"wp:attachment":[{"href":"https:\/\/mnbruchepiemont.org\/index.php?rest_route=%2Fwp%2Fv2%2Fmedia&parent=3596"}],"wp:term":[{"taxonomy":"category","embeddable":true,"href":"https:\/\/mnbruchepiemont.org\/index.php?rest_route=%2Fwp%2Fv2%2Fcategories&post=3596"},{"taxonomy":"post_tag","embeddable":true,"href":"https:\/\/mnbruchepiemont.org\/index.php?rest_route=%2Fwp%2Fv2%2Ftags&post=3596"}],"curies":[{"name":"wp","href":"https:\/\/api.w.org\/{rel}","templated":true}]}}