{"id":3547,"date":"2019-05-22T12:15:43","date_gmt":"2019-05-22T10:15:43","guid":{"rendered":"http:\/\/mnbruchepiemont.org\/?p=3547"},"modified":"2019-07-06T10:11:44","modified_gmt":"2019-07-06T08:11:44","slug":"a-velo-par-nature-samedi-25-mai-2019","status":"publish","type":"post","link":"https:\/\/mnbruchepiemont.org\/?p=3547","title":{"rendered":"A v\u00e9lo par nature ! &#8211; Samedi 25 mai 2019"},"content":{"rendered":"<p><a href=\"https:\/\/mnbruchepiemont.org\/?attachment_id=3564\" rel=\"attachment wp-att-3564\"><img loading=\"lazy\" decoding=\"async\" class=\"size-medium wp-image-3564 alignleft\" src=\"https:\/\/mnbruchepiemont.org\/WORDPRESS\/wp-content\/uploads\/A-v\u00e9lo-par-nature-25.05.19-212x300.jpg\" alt=\"\" width=\"212\" height=\"300\" srcset=\"https:\/\/mnbruchepiemont.org\/WORDPRESS\/wp-content\/uploads\/A-v\u00e9lo-par-nature-25.05.19-212x300.jpg 212w, https:\/\/mnbruchepiemont.org\/WORDPRESS\/wp-content\/uploads\/A-v\u00e9lo-par-nature-25.05.19-768x1086.jpg 768w, https:\/\/mnbruchepiemont.org\/WORDPRESS\/wp-content\/uploads\/A-v\u00e9lo-par-nature-25.05.19-724x1024.jpg 724w, https:\/\/mnbruchepiemont.org\/WORDPRESS\/wp-content\/uploads\/A-v\u00e9lo-par-nature-25.05.19.jpg 794w\" sizes=\"auto, (max-width: 212px) 100vw, 212px\" \/><\/a>A v\u00e9lo par nature ! de 10h \u00e0 18h<br \/>\nDans le cadre de la f\u00eate de la nature Saumon-Rhin, en selle pour une d\u00e9couverte en famille des tr\u00e9sors naturels qui jalonnent les pistes cyclables pr\u00e8s de la Bruche ! Des pauses, ateliers, jeux et surprises vous seront propos\u00e9s tout au long du circuit pour mieux conna\u00eetre et appr\u00e9cier les richesses naturelles de nos paysages.<br \/>\n&gt; Repas tir\u00e9 du sac.<br \/>\nAttention \u2013 Changement pour le RV.<br \/>\nLe RV a lieu \u00e0 Avolsheim sur le parking \u00e0 c\u00f4t\u00e9 du pont sur la Bruche, rue de la gare<br \/>\n<a href=\"https:\/\/www.helloasso.com\/associations\/maison-de-la-nature-bruche-piemont\/evenements\/a-velo-par-nature-1\" target=\"_blank\" rel=\"noopener noreferrer\">Inscription sur le site HelloAsso<\/a><\/p>\n<p>MNBP 06 76 84 34 53<\/p>\n","protected":false},"excerpt":{"rendered":"<p>A v\u00e9lo par nature ! de 10h \u00e0 18h Dans le cadre de la f\u00eate de la nature Saumon-Rhin, en selle pour une d\u00e9couverte en famille des tr\u00e9sors naturels qui jalonnent les pistes cyclables pr\u00e8s de la Bruche ! Des &hellip; <a href=\"https:\/\/mnbruchepiemont.org\/?p=3547\">Continuer la lecture <span class=\"meta-nav\">&rarr;<\/span><\/a><\/p>\n","protected":false},"author":8,"featured_media":0,"comment_status":"closed","ping_status":"closed","sticky":false,"template":"","format":"standard","meta":{"footnotes":""},"categories":[25],"tags":[108],"class_list":["post-3547","post","type-post","status-publish","format-standard","hentry","category-les-activites","tag-108"],"_links":{"self":[{"href":"https:\/\/mnbruchepiemont.org\/index.php?rest_route=\/wp\/v2\/posts\/3547","targetHints":{"allow":["GET"]}}],"collection":[{"href":"https:\/\/mnbruchepiemont.org\/index.php?rest_route=\/wp\/v2\/posts"}],"about":[{"href":"https:\/\/mnbruchepiemont.org\/index.php?rest_route=\/wp\/v2\/types\/post"}],"author":[{"embeddable":true,"href":"https:\/\/mnbruchepiemont.org\/index.php?rest_route=\/wp\/v2\/users\/8"}],"replies":[{"embeddable":true,"href":"https:\/\/mnbruchepiemont.org\/index.php?rest_route=%2Fwp%2Fv2%2Fcomments&post=3547"}],"version-history":[{"count":2,"href":"https:\/\/mnbruchepiemont.org\/index.php?rest_route=\/wp\/v2\/posts\/3547\/revisions"}],"predecessor-version":[{"id":3566,"href":"https:\/\/mnbruchepiemont.org\/index.php?rest_route=\/wp\/v2\/posts\/3547\/revisions\/3566"}],"wp:attachment":[{"href":"https:\/\/mnbruchepiemont.org\/index.php?rest_route=%2Fwp%2Fv2%2Fmedia&parent=3547"}],"wp:term":[{"taxonomy":"category","embeddable":true,"href":"https:\/\/mnbruchepiemont.org\/index.php?rest_route=%2Fwp%2Fv2%2Fcategories&post=3547"},{"taxonomy":"post_tag","embeddable":true,"href":"https:\/\/mnbruchepiemont.org\/index.php?rest_route=%2Fwp%2Fv2%2Ftags&post=3547"}],"curies":[{"name":"wp","href":"https:\/\/api.w.org\/{rel}","templated":true}]}}