{"id":3267,"date":"2018-10-05T17:05:15","date_gmt":"2018-10-05T15:05:15","guid":{"rendered":"http:\/\/mnbruchepiemont.org\/?p=3267"},"modified":"2018-12-29T15:51:42","modified_gmt":"2018-12-29T14:51:42","slug":"espace-pluriel-a-dorlisheim-dimanche-7-octobre","status":"publish","type":"post","link":"https:\/\/mnbruchepiemont.org\/?p=3267","title":{"rendered":"Espace Pluriel \u00e0 Dorlisheim dimanche 7 octobre 2018"},"content":{"rendered":"<h2>La MNBP sera pr\u00e9sente lors de la F\u00eate des fruits et des l\u00e9gumes\u00a0<span id=\"OBJ_PREFIX_DWT138_com_zimbra_date\" class=\"Object\">ce dimanche<\/span>\u00a07 octobre \u00e0 l&#8217;Espace Pluriel \u00e0 Dorlisheim<br \/>\nEntr\u00e9e libre.<br \/>\nC&#8217;est le moment de partager un moment convivial sur le th\u00e8me de la flore et du jardin, et d&#8217;un auxiliaire discret et nocturne : la chauve-souris !<br \/>\nDe 10h \u00e0 18h la MNBP tiendra un stand sur cet animal m\u00e9connu qui aime fr\u00e9quenter jardins et vergers.<\/h2>\n<h2><a href=\"https:\/\/mnbruchepiemont.org\/?attachment_id=3266\" rel=\"attachment wp-att-3266\"><img loading=\"lazy\" decoding=\"async\" class=\"size-medium wp-image-3266 alignnone\" src=\"https:\/\/mnbruchepiemont.org\/WORDPRESS\/wp-content\/uploads\/affiche-expo-2018-2-210x300.jpg\" alt=\"\" width=\"210\" height=\"300\" srcset=\"https:\/\/mnbruchepiemont.org\/WORDPRESS\/wp-content\/uploads\/affiche-expo-2018-2-210x300.jpg 210w, https:\/\/mnbruchepiemont.org\/WORDPRESS\/wp-content\/uploads\/affiche-expo-2018-2-768x1097.jpg 768w, https:\/\/mnbruchepiemont.org\/WORDPRESS\/wp-content\/uploads\/affiche-expo-2018-2-717x1024.jpg 717w, https:\/\/mnbruchepiemont.org\/WORDPRESS\/wp-content\/uploads\/affiche-expo-2018-2.jpg 2008w\" sizes=\"auto, (max-width: 210px) 100vw, 210px\" \/><\/a><\/h2>\n<p>&nbsp;<\/p>\n","protected":false},"excerpt":{"rendered":"<p>La MNBP sera pr\u00e9sente lors de la F\u00eate des fruits et des l\u00e9gumes\u00a0ce dimanche\u00a07 octobre \u00e0 l&#8217;Espace Pluriel \u00e0 Dorlisheim Entr\u00e9e libre. C&#8217;est le moment de partager un moment convivial sur le th\u00e8me de la flore et du jardin, et &hellip; <a href=\"https:\/\/mnbruchepiemont.org\/?p=3267\">Continuer la lecture <span class=\"meta-nav\">&rarr;<\/span><\/a><\/p>\n","protected":false},"author":8,"featured_media":0,"comment_status":"closed","ping_status":"closed","sticky":false,"template":"","format":"standard","meta":{"footnotes":""},"categories":[25],"tags":[104],"class_list":["post-3267","post","type-post","status-publish","format-standard","hentry","category-les-activites","tag-104"],"_links":{"self":[{"href":"https:\/\/mnbruchepiemont.org\/index.php?rest_route=\/wp\/v2\/posts\/3267","targetHints":{"allow":["GET"]}}],"collection":[{"href":"https:\/\/mnbruchepiemont.org\/index.php?rest_route=\/wp\/v2\/posts"}],"about":[{"href":"https:\/\/mnbruchepiemont.org\/index.php?rest_route=\/wp\/v2\/types\/post"}],"author":[{"embeddable":true,"href":"https:\/\/mnbruchepiemont.org\/index.php?rest_route=\/wp\/v2\/users\/8"}],"replies":[{"embeddable":true,"href":"https:\/\/mnbruchepiemont.org\/index.php?rest_route=%2Fwp%2Fv2%2Fcomments&post=3267"}],"version-history":[{"count":6,"href":"https:\/\/mnbruchepiemont.org\/index.php?rest_route=\/wp\/v2\/posts\/3267\/revisions"}],"predecessor-version":[{"id":3273,"href":"https:\/\/mnbruchepiemont.org\/index.php?rest_route=\/wp\/v2\/posts\/3267\/revisions\/3273"}],"wp:attachment":[{"href":"https:\/\/mnbruchepiemont.org\/index.php?rest_route=%2Fwp%2Fv2%2Fmedia&parent=3267"}],"wp:term":[{"taxonomy":"category","embeddable":true,"href":"https:\/\/mnbruchepiemont.org\/index.php?rest_route=%2Fwp%2Fv2%2Fcategories&post=3267"},{"taxonomy":"post_tag","embeddable":true,"href":"https:\/\/mnbruchepiemont.org\/index.php?rest_route=%2Fwp%2Fv2%2Ftags&post=3267"}],"curies":[{"name":"wp","href":"https:\/\/api.w.org\/{rel}","templated":true}]}}