{"id":3167,"date":"2018-09-05T10:26:43","date_gmt":"2018-09-05T08:26:43","guid":{"rendered":"http:\/\/mnbruchepiemont.org\/?p=3167"},"modified":"2018-08-27T18:43:43","modified_gmt":"2018-08-27T16:43:43","slug":"histoires-de-prairies-samedi-15-septembre-2018","status":"publish","type":"post","link":"https:\/\/mnbruchepiemont.org\/?p=3167","title":{"rendered":"Histoires de prairies samedi 15 septembre 2018"},"content":{"rendered":"<p>Une journ\u00e9e familiale \u00e0 butiner autour de la yourte et de l\u2019espace nature !<br \/>\nAu programme :<br \/>\nD\u00e9couverte de la flore et des herbes sauvages<br \/>\npour pr\u00e9parer ensemble un ap\u00e9ritif partag\u00e9 autour d\u2019un feu de camp.<br \/>\nDes contes, des activit\u00e9s sensorielles et la d\u00e9couverte de la petite faune<br \/>\ndes prairies sauvages seront propos\u00e9s l\u2019apr\u00e8s-midi.<br \/>\nRepas tir\u00e9 du sac.<\/p>\n<p>Inscription obligatoire <a href=\"https:\/\/www.helloasso.com\/associations\/maison-de-la-nature-bruche-piemont\/evenements\/histoires-de-prairies\" target=\"_blank\" rel=\"noopener\">avec ce lien<\/a>\u00a0 ou en cas de difficult\u00e9 au 06 76 84 34 53<\/p>\n","protected":false},"excerpt":{"rendered":"<p>Une journ\u00e9e familiale \u00e0 butiner autour de la yourte et de l\u2019espace nature ! Au programme : D\u00e9couverte de la flore et des herbes sauvages pour pr\u00e9parer ensemble un ap\u00e9ritif partag\u00e9 autour d\u2019un feu de camp. Des contes, des activit\u00e9s &hellip; <a href=\"https:\/\/mnbruchepiemont.org\/?p=3167\">Continuer la lecture <span class=\"meta-nav\">&rarr;<\/span><\/a><\/p>\n","protected":false},"author":8,"featured_media":0,"comment_status":"closed","ping_status":"closed","sticky":false,"template":"","format":"standard","meta":{"footnotes":""},"categories":[25],"tags":[103],"class_list":["post-3167","post","type-post","status-publish","format-standard","hentry","category-les-activites","tag-103"],"_links":{"self":[{"href":"https:\/\/mnbruchepiemont.org\/index.php?rest_route=\/wp\/v2\/posts\/3167","targetHints":{"allow":["GET"]}}],"collection":[{"href":"https:\/\/mnbruchepiemont.org\/index.php?rest_route=\/wp\/v2\/posts"}],"about":[{"href":"https:\/\/mnbruchepiemont.org\/index.php?rest_route=\/wp\/v2\/types\/post"}],"author":[{"embeddable":true,"href":"https:\/\/mnbruchepiemont.org\/index.php?rest_route=\/wp\/v2\/users\/8"}],"replies":[{"embeddable":true,"href":"https:\/\/mnbruchepiemont.org\/index.php?rest_route=%2Fwp%2Fv2%2Fcomments&post=3167"}],"version-history":[{"count":1,"href":"https:\/\/mnbruchepiemont.org\/index.php?rest_route=\/wp\/v2\/posts\/3167\/revisions"}],"predecessor-version":[{"id":3168,"href":"https:\/\/mnbruchepiemont.org\/index.php?rest_route=\/wp\/v2\/posts\/3167\/revisions\/3168"}],"wp:attachment":[{"href":"https:\/\/mnbruchepiemont.org\/index.php?rest_route=%2Fwp%2Fv2%2Fmedia&parent=3167"}],"wp:term":[{"taxonomy":"category","embeddable":true,"href":"https:\/\/mnbruchepiemont.org\/index.php?rest_route=%2Fwp%2Fv2%2Fcategories&post=3167"},{"taxonomy":"post_tag","embeddable":true,"href":"https:\/\/mnbruchepiemont.org\/index.php?rest_route=%2Fwp%2Fv2%2Ftags&post=3167"}],"curies":[{"name":"wp","href":"https:\/\/api.w.org\/{rel}","templated":true}]}}