{"id":2951,"date":"2018-09-03T10:10:50","date_gmt":"2018-09-03T08:10:50","guid":{"rendered":"http:\/\/mnbruchepiemont.org\/?p=2951"},"modified":"2018-09-12T11:26:54","modified_gmt":"2018-09-12T09:26:54","slug":"journee-jardins-ouverts-dimanche-9-septembre-2018","status":"publish","type":"post","link":"https:\/\/mnbruchepiemont.org\/?p=2951","title":{"rendered":"&#8220;Journ\u00e9e jardins ouverts&#8221; dimanche 9 septembre 2018"},"content":{"rendered":"<p>03<a href=\"https:\/\/mnbruchepiemont.org\/?attachment_id=3236\" rel=\"attachment wp-att-3236\"><img loading=\"lazy\" decoding=\"async\" class=\"alignnone size-medium wp-image-3236\" src=\"https:\/\/mnbruchepiemont.org\/WORDPRESS\/wp-content\/uploads\/affiche-jardins-ouverts-A5-page-001-212x300.jpg\" alt=\"\" width=\"212\" height=\"300\" srcset=\"https:\/\/mnbruchepiemont.org\/WORDPRESS\/wp-content\/uploads\/affiche-jardins-ouverts-A5-page-001-212x300.jpg 212w, https:\/\/mnbruchepiemont.org\/WORDPRESS\/wp-content\/uploads\/affiche-jardins-ouverts-A5-page-001-768x1088.jpg 768w, https:\/\/mnbruchepiemont.org\/WORDPRESS\/wp-content\/uploads\/affiche-jardins-ouverts-A5-page-001-723x1024.jpg 723w, https:\/\/mnbruchepiemont.org\/WORDPRESS\/wp-content\/uploads\/affiche-jardins-ouverts-A5-page-001.jpg 875w\" sizes=\"auto, (max-width: 212px) 100vw, 212px\" \/><\/a><\/p>\n<p><a href=\"https:\/\/mnbruchepiemont.org\/?attachment_id=3237\" rel=\"attachment wp-att-3237\"><img loading=\"lazy\" decoding=\"async\" class=\"alignnone size-medium wp-image-3237\" src=\"https:\/\/mnbruchepiemont.org\/WORDPRESS\/wp-content\/uploads\/plan-jardins-ouverts-9-septembre-page-001-300x212.jpg\" alt=\"\" width=\"300\" height=\"212\" srcset=\"https:\/\/mnbruchepiemont.org\/WORDPRESS\/wp-content\/uploads\/plan-jardins-ouverts-9-septembre-page-001-300x212.jpg 300w, https:\/\/mnbruchepiemont.org\/WORDPRESS\/wp-content\/uploads\/plan-jardins-ouverts-9-septembre-page-001-768x543.jpg 768w, https:\/\/mnbruchepiemont.org\/WORDPRESS\/wp-content\/uploads\/plan-jardins-ouverts-9-septembre-page-001-1024x724.jpg 1024w, https:\/\/mnbruchepiemont.org\/WORDPRESS\/wp-content\/uploads\/plan-jardins-ouverts-9-septembre-page-001-424x300.jpg 424w, https:\/\/mnbruchepiemont.org\/WORDPRESS\/wp-content\/uploads\/plan-jardins-ouverts-9-septembre-page-001.jpg 1754w\" sizes=\"auto, (max-width: 300px) 100vw, 300px\" \/><\/a><a href=\"https:\/\/mnbruchepiemont.org\/?attachment_id=3238\" rel=\"attachment wp-att-3238\"><img loading=\"lazy\" decoding=\"async\" class=\"alignnone size-medium wp-image-3238\" src=\"https:\/\/mnbruchepiemont.org\/WORDPRESS\/wp-content\/uploads\/plan-jardins-ouverts-9-septembre-page-002-300x212.jpg\" alt=\"\" width=\"300\" height=\"212\" srcset=\"https:\/\/mnbruchepiemont.org\/WORDPRESS\/wp-content\/uploads\/plan-jardins-ouverts-9-septembre-page-002-300x212.jpg 300w, https:\/\/mnbruchepiemont.org\/WORDPRESS\/wp-content\/uploads\/plan-jardins-ouverts-9-septembre-page-002-768x543.jpg 768w, https:\/\/mnbruchepiemont.org\/WORDPRESS\/wp-content\/uploads\/plan-jardins-ouverts-9-septembre-page-002-1024x724.jpg 1024w, https:\/\/mnbruchepiemont.org\/WORDPRESS\/wp-content\/uploads\/plan-jardins-ouverts-9-septembre-page-002-424x300.jpg 424w, https:\/\/mnbruchepiemont.org\/WORDPRESS\/wp-content\/uploads\/plan-jardins-ouverts-9-septembre-page-002.jpg 1754w\" sizes=\"auto, (max-width: 300px) 100vw, 300px\" \/><\/a><\/p>\n<p>Les habitants de Niederhaslach, d\u2019Urmatt et d\u2019Oberhaslach sont invit\u00e9s \u00e0 ouvrir leurs jardins et \u00e0 d\u00e9couvrir ceux de leurs concitoyens\u2026 Univers et petits trucs de jardiniers \u00e0 partager et \u00e0 d\u00e9couvrir!<\/p>\n<p>&nbsp;<\/p>\n","protected":false},"excerpt":{"rendered":"<p>03 Les habitants de Niederhaslach, d\u2019Urmatt et d\u2019Oberhaslach sont invit\u00e9s \u00e0 ouvrir leurs jardins et \u00e0 d\u00e9couvrir ceux de leurs concitoyens\u2026 Univers et petits trucs de jardiniers \u00e0 partager et \u00e0 d\u00e9couvrir! &nbsp;<\/p>\n","protected":false},"author":8,"featured_media":0,"comment_status":"closed","ping_status":"closed","sticky":false,"template":"","format":"standard","meta":{"footnotes":""},"categories":[25,41],"tags":[103],"class_list":["post-2951","post","type-post","status-publish","format-standard","hentry","category-les-activites","category-sortie-week-end","tag-103"],"_links":{"self":[{"href":"https:\/\/mnbruchepiemont.org\/index.php?rest_route=\/wp\/v2\/posts\/2951","targetHints":{"allow":["GET"]}}],"collection":[{"href":"https:\/\/mnbruchepiemont.org\/index.php?rest_route=\/wp\/v2\/posts"}],"about":[{"href":"https:\/\/mnbruchepiemont.org\/index.php?rest_route=\/wp\/v2\/types\/post"}],"author":[{"embeddable":true,"href":"https:\/\/mnbruchepiemont.org\/index.php?rest_route=\/wp\/v2\/users\/8"}],"replies":[{"embeddable":true,"href":"https:\/\/mnbruchepiemont.org\/index.php?rest_route=%2Fwp%2Fv2%2Fcomments&post=2951"}],"version-history":[{"count":6,"href":"https:\/\/mnbruchepiemont.org\/index.php?rest_route=\/wp\/v2\/posts\/2951\/revisions"}],"predecessor-version":[{"id":3241,"href":"https:\/\/mnbruchepiemont.org\/index.php?rest_route=\/wp\/v2\/posts\/2951\/revisions\/3241"}],"wp:attachment":[{"href":"https:\/\/mnbruchepiemont.org\/index.php?rest_route=%2Fwp%2Fv2%2Fmedia&parent=2951"}],"wp:term":[{"taxonomy":"category","embeddable":true,"href":"https:\/\/mnbruchepiemont.org\/index.php?rest_route=%2Fwp%2Fv2%2Fcategories&post=2951"},{"taxonomy":"post_tag","embeddable":true,"href":"https:\/\/mnbruchepiemont.org\/index.php?rest_route=%2Fwp%2Fv2%2Ftags&post=2951"}],"curies":[{"name":"wp","href":"https:\/\/api.w.org\/{rel}","templated":true}]}}