{"id":2949,"date":"2018-08-30T11:40:52","date_gmt":"2018-08-30T09:40:52","guid":{"rendered":"http:\/\/mnbruchepiemont.org\/?p=2949"},"modified":"2018-08-30T11:39:07","modified_gmt":"2018-08-30T09:39:07","slug":"journee-de-leveil-yoga-nature-dimanche-2-septembre-2018","status":"publish","type":"post","link":"https:\/\/mnbruchepiemont.org\/?p=2949","title":{"rendered":"JOURN\u00c9E DE L&#8217;\u00c9VEIL YOGA-NATURE dimanche 2 septembre 2018"},"content":{"rendered":"<p><span style=\"color: #ff0000;\"><strong>Attention pour les gourmands: Jeudi 30 (aujourd&#8217;hui) est le dernier jour pour la r\u00e9servation en ce qui concerne la restauration.<\/strong><\/span><\/p>\n<p>Dimanche de 10h-18h salle des f\u00eates \u00e0 Oberhaslach<\/p>\n<p>Red\u00e9couvrons nos sens au contact de la nature et de ses \u00e9l\u00e9ments: eau, terre, air , feu.<br \/>\n&#8211; initiation au yoga d\u2019inspiration tib\u00e9taine<br \/>\n&#8211; balade de r\u00e9v\u00e9lation des sens et des \u00e9l\u00e9ments<br \/>\n&#8211; ateliers sensoriels et naturalistes<br \/>\n&#8211; surprises orientales<br \/>\n&#8211; expositions, conf\u00e9rences\u2026<br \/>\nPetite restauration sur r\u00e9servation (<a href=\"https:\/\/www.helloasso.com\/associations\/maison-de-la-nature-bruche-piemont\/evenements\/journee-de-l-eveil-yoga-nature\" target=\"_blank\" rel=\"noopener\">lien pour r\u00e9servation en ligne<\/a>)<br \/>\nau 06 82 39 40 99<br \/>\net buvette.<\/p>\n<p><a href=\"https:\/\/mnbruchepiemont.org\/?attachment_id=3199\" rel=\"attachment wp-att-3199\"><img loading=\"lazy\" decoding=\"async\" class=\"alignnone size-medium wp-image-3199\" src=\"https:\/\/mnbruchepiemont.org\/WORDPRESS\/wp-content\/uploads\/Flyer-A5-papier-page-001-212x300.jpg\" alt=\"\" width=\"212\" height=\"300\" srcset=\"https:\/\/mnbruchepiemont.org\/WORDPRESS\/wp-content\/uploads\/Flyer-A5-papier-page-001-212x300.jpg 212w, https:\/\/mnbruchepiemont.org\/WORDPRESS\/wp-content\/uploads\/Flyer-A5-papier-page-001-768x1088.jpg 768w, https:\/\/mnbruchepiemont.org\/WORDPRESS\/wp-content\/uploads\/Flyer-A5-papier-page-001-723x1024.jpg 723w, https:\/\/mnbruchepiemont.org\/WORDPRESS\/wp-content\/uploads\/Flyer-A5-papier-page-001.jpg 875w\" sizes=\"auto, (max-width: 212px) 100vw, 212px\" \/><\/a><\/p>\n<p><strong>Programme et planning des animations heure par heure<\/strong><\/p>\n<a href=\"https:\/\/mnbruchepiemont.org\/WORDPRESS\/wp-content\/uploads\/programme-\u00e9veil-des-sens-2018.pdf\" class=\"pdfemb-viewer\" style=\"\" data-width=\"max\" data-height=\"max\" data-toolbar=\"bottom\" data-toolbar-fixed=\"on\">programme \u00e9veil des sens 2018<\/a>\n<p><a href=\"https:\/\/mnbruchepiemont.org\/?attachment_id=3207\" rel=\"attachment wp-att-3207\">Vous pouvez charger le programme \u00e9veil des sens 2018 ici<\/a><\/p>\n","protected":false},"excerpt":{"rendered":"<p>Attention pour les gourmands: Jeudi 30 (aujourd&#8217;hui) est le dernier jour pour la r\u00e9servation en ce qui concerne la restauration. Dimanche de 10h-18h salle des f\u00eates \u00e0 Oberhaslach Red\u00e9couvrons nos sens au contact de la nature et de ses \u00e9l\u00e9ments: &hellip; <a href=\"https:\/\/mnbruchepiemont.org\/?p=2949\">Continuer la lecture <span class=\"meta-nav\">&rarr;<\/span><\/a><\/p>\n","protected":false},"author":8,"featured_media":0,"comment_status":"closed","ping_status":"closed","sticky":false,"template":"","format":"standard","meta":{"footnotes":""},"categories":[41],"tags":[103],"class_list":["post-2949","post","type-post","status-publish","format-standard","hentry","category-sortie-week-end","tag-103"],"_links":{"self":[{"href":"https:\/\/mnbruchepiemont.org\/index.php?rest_route=\/wp\/v2\/posts\/2949","targetHints":{"allow":["GET"]}}],"collection":[{"href":"https:\/\/mnbruchepiemont.org\/index.php?rest_route=\/wp\/v2\/posts"}],"about":[{"href":"https:\/\/mnbruchepiemont.org\/index.php?rest_route=\/wp\/v2\/types\/post"}],"author":[{"embeddable":true,"href":"https:\/\/mnbruchepiemont.org\/index.php?rest_route=\/wp\/v2\/users\/8"}],"replies":[{"embeddable":true,"href":"https:\/\/mnbruchepiemont.org\/index.php?rest_route=%2Fwp%2Fv2%2Fcomments&post=2949"}],"version-history":[{"count":15,"href":"https:\/\/mnbruchepiemont.org\/index.php?rest_route=\/wp\/v2\/posts\/2949\/revisions"}],"predecessor-version":[{"id":3222,"href":"https:\/\/mnbruchepiemont.org\/index.php?rest_route=\/wp\/v2\/posts\/2949\/revisions\/3222"}],"wp:attachment":[{"href":"https:\/\/mnbruchepiemont.org\/index.php?rest_route=%2Fwp%2Fv2%2Fmedia&parent=2949"}],"wp:term":[{"taxonomy":"category","embeddable":true,"href":"https:\/\/mnbruchepiemont.org\/index.php?rest_route=%2Fwp%2Fv2%2Fcategories&post=2949"},{"taxonomy":"post_tag","embeddable":true,"href":"https:\/\/mnbruchepiemont.org\/index.php?rest_route=%2Fwp%2Fv2%2Ftags&post=2949"}],"curies":[{"name":"wp","href":"https:\/\/api.w.org\/{rel}","templated":true}]}}