{"id":2893,"date":"2018-09-04T11:20:31","date_gmt":"2018-09-04T09:20:31","guid":{"rendered":"http:\/\/mnbruchepiemont.org\/?p=2893"},"modified":"2018-09-05T11:23:56","modified_gmt":"2018-09-05T09:23:56","slug":"les-mercredis-natures-la-nature-nous-accueille","status":"publish","type":"post","link":"https:\/\/mnbruchepiemont.org\/?p=2893","title":{"rendered":"Les Mercredis Natures \u00ab La Nature nous accueille\u00a0\u00bb"},"content":{"rendered":"<p>Voici venu le temps des mercredis natures de la fin de l&#8217;\u00e9t\u00e9.<\/p>\n<p>Mercredi 5 septembre 2018 de 14h \u00e0 17h<\/p>\n<p>Mercredi 19 septembre 2018 de 14h \u00e0 17h<\/p>\n<p>Mercredi 3 octobre 2018 de 14h \u00e0 17h<\/p>\n<p>Mercredi 17 octobre 2018 de 14h \u00e0 17h<\/p>\n<p>Viens vivre des aventures et d\u00e9couvertes extraordinaires autour de l\u2019espace nature ! Avec tes amis, vous serez les acteurs de votre projet autour des jeux, contes, balades et cr\u00e9ations artistiques propos\u00e9s par les animatrices!<\/p>\n<p>A partir de 6 ans: tarif 50 \u20ac<strong> les 4 mercredis<\/strong>, places limit\u00e9es.<\/p>\n<p><a href=\"https:\/\/www.helloasso.com\/associations\/maison-de-la-nature-bruche-piemont\/evenements\/les-mercredis-nature-2\" target=\"_blank\" rel=\"noopener\">R\u00e9servation obligatoire avec ce lien<\/a>\u00a0 en cas de difficult\u00e9s t\u00e9l\u00e9phoner au 06 76 84 34 53<\/p>\n<p><a href=\"https:\/\/mnbruchepiemont.org\/?attachment_id=3223\" rel=\"attachment wp-att-3223\"><img loading=\"lazy\" decoding=\"async\" class=\"alignnone size-medium wp-image-3223\" src=\"https:\/\/mnbruchepiemont.org\/WORDPRESS\/wp-content\/uploads\/MercrediAutomne-212x300.jpg\" alt=\"\" width=\"212\" height=\"300\" srcset=\"https:\/\/mnbruchepiemont.org\/WORDPRESS\/wp-content\/uploads\/MercrediAutomne-212x300.jpg 212w, https:\/\/mnbruchepiemont.org\/WORDPRESS\/wp-content\/uploads\/MercrediAutomne.jpg 678w\" sizes=\"auto, (max-width: 212px) 100vw, 212px\" \/><\/a><\/p>\n","protected":false},"excerpt":{"rendered":"<p>Voici venu le temps des mercredis natures de la fin de l&#8217;\u00e9t\u00e9. Mercredi 5 septembre 2018 de 14h \u00e0 17h Mercredi 19 septembre 2018 de 14h \u00e0 17h Mercredi 3 octobre 2018 de 14h \u00e0 17h Mercredi 17 octobre 2018 &hellip; <a href=\"https:\/\/mnbruchepiemont.org\/?p=2893\">Continuer la lecture <span class=\"meta-nav\">&rarr;<\/span><\/a><\/p>\n","protected":false},"author":8,"featured_media":0,"comment_status":"closed","ping_status":"closed","sticky":false,"template":"","format":"standard","meta":{"footnotes":""},"categories":[25],"tags":[100],"class_list":["post-2893","post","type-post","status-publish","format-standard","hentry","category-les-activites","tag-100"],"_links":{"self":[{"href":"https:\/\/mnbruchepiemont.org\/index.php?rest_route=\/wp\/v2\/posts\/2893","targetHints":{"allow":["GET"]}}],"collection":[{"href":"https:\/\/mnbruchepiemont.org\/index.php?rest_route=\/wp\/v2\/posts"}],"about":[{"href":"https:\/\/mnbruchepiemont.org\/index.php?rest_route=\/wp\/v2\/types\/post"}],"author":[{"embeddable":true,"href":"https:\/\/mnbruchepiemont.org\/index.php?rest_route=\/wp\/v2\/users\/8"}],"replies":[{"embeddable":true,"href":"https:\/\/mnbruchepiemont.org\/index.php?rest_route=%2Fwp%2Fv2%2Fcomments&post=2893"}],"version-history":[{"count":8,"href":"https:\/\/mnbruchepiemont.org\/index.php?rest_route=\/wp\/v2\/posts\/2893\/revisions"}],"predecessor-version":[{"id":3235,"href":"https:\/\/mnbruchepiemont.org\/index.php?rest_route=\/wp\/v2\/posts\/2893\/revisions\/3235"}],"wp:attachment":[{"href":"https:\/\/mnbruchepiemont.org\/index.php?rest_route=%2Fwp%2Fv2%2Fmedia&parent=2893"}],"wp:term":[{"taxonomy":"category","embeddable":true,"href":"https:\/\/mnbruchepiemont.org\/index.php?rest_route=%2Fwp%2Fv2%2Fcategories&post=2893"},{"taxonomy":"post_tag","embeddable":true,"href":"https:\/\/mnbruchepiemont.org\/index.php?rest_route=%2Fwp%2Fv2%2Ftags&post=2893"}],"curies":[{"name":"wp","href":"https:\/\/api.w.org\/{rel}","templated":true}]}}