{"id":2732,"date":"2017-09-30T08:41:20","date_gmt":"2017-09-30T06:41:20","guid":{"rendered":"http:\/\/mnbruchepiemont.org\/?p=2732"},"modified":"2017-09-21T20:42:26","modified_gmt":"2017-09-21T18:42:26","slug":"les-mercredis-nature-de-la-hasel-la-premiere-rencontre-a-lieu-le-mercredi-11-octobre-2017-a-14h-a-la-yourte","status":"publish","type":"post","link":"https:\/\/mnbruchepiemont.org\/?p=2732","title":{"rendered":"Les Mercredis nature de la Hasel &#8211; La premi\u00e8re rencontre a lieu le mercredi 11 octobre 2017 \u00e0 14h \u00e0 la yourte."},"content":{"rendered":"<div><b><span style=\"font-size: large;\">&#8220;Les Mercredis nature de la Hasel&#8221; \u00a0vont bient\u00f4t d\u00e9marrer !\u00a0<\/span><\/b><\/div>\n<div><span style=\"font-size: large;\"><b>une nouvelle formule d&#8217;inscription sur 15 ou 30 mercredis<br \/>\n<\/b><\/span><\/div>\n<div><b><span style=\"font-size: large;\">(hors vacances scolaires)<br \/>\n<\/span><\/b><\/div>\n<div><b><span style=\"font-size: large;\">\u00e0 la d\u00e9couverte de diff\u00e9rents milieux de vie<br \/>\n<\/span><\/b><\/div>\n<div><b><span style=\"font-size: large;\">et de personnes ressources passionn\u00e9es<br \/>\n<\/span><\/b><\/div>\n<div><span style=\"font-size: large;\"><b>(acteurs de l&#8217;environnement, du village, artisans, b\u00e9n\u00e9voles&#8230;).<\/b><br \/>\n<\/span><\/div>\n<div><\/div>\n<div>Nous souhaitons d\u00e9velopper la p\u00e9dagogie de projet et accompagner les enfants \u00e0 \u00eatre acteurs de leurs d\u00e9couvertes.<\/div>\n<div><\/div>\n<div>\n<div dir=\"ltr\"><b>La premi\u00e8re rencontre a lieu le\u00a0<span id=\"OBJ_PREFIX_DWT91_com_zimbra_date\" class=\"Object\">mercredi 11 octobre 2017<\/span>\u00a0\u00e0 14h \u00e0 la yourte.<\/b><\/div>\n<div dir=\"ltr\">Nous vous proposons \u00e0 cette occasion un moment de partage autour de quelques boissons chaudes et petits grignotages pour \u00e9changer sur ce nouveau d\u00e9part.<\/div>\n<div dir=\"ltr\">Nous gardons la m\u00eame base de prix (soit 75 euros les 15 mercredis ou 150 euros les 30). Le nombre d&#8217;inscrits est limit\u00e9 \u00e0 12 enfants \u00e0 partir de 6 ans et les horaires sont les m\u00eames (14h &#8211; 17h).<\/div>\n<\/div>\n","protected":false},"excerpt":{"rendered":"<p>&#8220;Les Mercredis nature de la Hasel&#8221; \u00a0vont bient\u00f4t d\u00e9marrer !\u00a0 une nouvelle formule d&#8217;inscription sur 15 ou 30 mercredis (hors vacances scolaires) \u00e0 la d\u00e9couverte de diff\u00e9rents milieux de vie et de personnes ressources passionn\u00e9es (acteurs de l&#8217;environnement, du village, &hellip; <a href=\"https:\/\/mnbruchepiemont.org\/?p=2732\">Continuer la lecture <span class=\"meta-nav\">&rarr;<\/span><\/a><\/p>\n","protected":false},"author":8,"featured_media":0,"comment_status":"closed","ping_status":"closed","sticky":false,"template":"","format":"standard","meta":{"footnotes":""},"categories":[25,12],"tags":[59],"class_list":["post-2732","post","type-post","status-publish","format-standard","hentry","category-les-activites","category-animations-passees","tag-59"],"_links":{"self":[{"href":"https:\/\/mnbruchepiemont.org\/index.php?rest_route=\/wp\/v2\/posts\/2732","targetHints":{"allow":["GET"]}}],"collection":[{"href":"https:\/\/mnbruchepiemont.org\/index.php?rest_route=\/wp\/v2\/posts"}],"about":[{"href":"https:\/\/mnbruchepiemont.org\/index.php?rest_route=\/wp\/v2\/types\/post"}],"author":[{"embeddable":true,"href":"https:\/\/mnbruchepiemont.org\/index.php?rest_route=\/wp\/v2\/users\/8"}],"replies":[{"embeddable":true,"href":"https:\/\/mnbruchepiemont.org\/index.php?rest_route=%2Fwp%2Fv2%2Fcomments&post=2732"}],"version-history":[{"count":3,"href":"https:\/\/mnbruchepiemont.org\/index.php?rest_route=\/wp\/v2\/posts\/2732\/revisions"}],"predecessor-version":[{"id":2735,"href":"https:\/\/mnbruchepiemont.org\/index.php?rest_route=\/wp\/v2\/posts\/2732\/revisions\/2735"}],"wp:attachment":[{"href":"https:\/\/mnbruchepiemont.org\/index.php?rest_route=%2Fwp%2Fv2%2Fmedia&parent=2732"}],"wp:term":[{"taxonomy":"category","embeddable":true,"href":"https:\/\/mnbruchepiemont.org\/index.php?rest_route=%2Fwp%2Fv2%2Fcategories&post=2732"},{"taxonomy":"post_tag","embeddable":true,"href":"https:\/\/mnbruchepiemont.org\/index.php?rest_route=%2Fwp%2Fv2%2Ftags&post=2732"}],"curies":[{"name":"wp","href":"https:\/\/api.w.org\/{rel}","templated":true}]}}