{"id":2464,"date":"2018-01-21T18:34:12","date_gmt":"2018-01-21T17:34:12","guid":{"rendered":"http:\/\/mnbruchepiemont.org\/?p=2464"},"modified":"2018-01-21T20:26:02","modified_gmt":"2018-01-21T19:26:02","slug":"la-foret-en-hiver-samedi-20-janvier-2018","status":"publish","type":"post","link":"https:\/\/mnbruchepiemont.org\/?p=2464","title":{"rendered":"La for\u00eat en hiver\u00a0Samedi 20 janvier\u00a02018"},"content":{"rendered":"<p>9h \u00e0 12h<br \/>\nrdv au col de la Charbonni\u00e8re \u00e0 8h45 (Champ du feu)<\/p>\n<p>Arbres , traces et indices de vie animale.<br \/>\nOuvrons l\u2019\u0153il et menons l\u2019enqu\u00eate<br \/>\npour mieux comprendre le monde forestier en hiver.<br \/>\nPr\u00e9voir tenue hivernale et de bonnes chaussures de marche<br \/>\nou raquettes si enneigement suffisant.<br \/>\nAnimateurs\u00a0: Gilles Nonnenmacher agent \u00e0 l\u2019ONCFS<br \/>\net Philippe PETIT enseignant (Contact t\u00e9l\u00e9phonique\u00a0: 07 81 15 24 91).<\/p>\n<p>Sortie gratuite\u00a0: 15 personnes maximum.<\/p>\n<p><a href=\"https:\/\/mnbruchepiemont.org\/?attachment_id=2777\" rel=\"attachment wp-att-2777\"><img loading=\"lazy\" decoding=\"async\" class=\"alignnone size-medium wp-image-2777\" src=\"https:\/\/mnbruchepiemont.org\/WORDPRESS\/wp-content\/uploads\/20180120_DSCN3816-300x200.jpg\" alt=\"\" width=\"300\" height=\"200\" srcset=\"https:\/\/mnbruchepiemont.org\/WORDPRESS\/wp-content\/uploads\/20180120_DSCN3816-300x200.jpg 300w, https:\/\/mnbruchepiemont.org\/WORDPRESS\/wp-content\/uploads\/20180120_DSCN3816-768x512.jpg 768w, https:\/\/mnbruchepiemont.org\/WORDPRESS\/wp-content\/uploads\/20180120_DSCN3816-1024x683.jpg 1024w, https:\/\/mnbruchepiemont.org\/WORDPRESS\/wp-content\/uploads\/20180120_DSCN3816-450x300.jpg 450w, https:\/\/mnbruchepiemont.org\/WORDPRESS\/wp-content\/uploads\/20180120_DSCN3816.jpg 1992w\" sizes=\"auto, (max-width: 300px) 100vw, 300px\" \/><\/a><\/p>\n","protected":false},"excerpt":{"rendered":"<p>9h \u00e0 12h rdv au col de la Charbonni\u00e8re \u00e0 8h45 (Champ du feu) Arbres , traces et indices de vie animale. Ouvrons l\u2019\u0153il et menons l\u2019enqu\u00eate pour mieux comprendre le monde forestier en hiver. Pr\u00e9voir tenue hivernale et de &hellip; <a href=\"https:\/\/mnbruchepiemont.org\/?p=2464\">Continuer la lecture <span class=\"meta-nav\">&rarr;<\/span><\/a><\/p>\n","protected":false},"author":8,"featured_media":0,"comment_status":"closed","ping_status":"closed","sticky":false,"template":"","format":"standard","meta":{"footnotes":""},"categories":[41],"tags":[61],"class_list":["post-2464","post","type-post","status-publish","format-standard","hentry","category-sortie-week-end","tag-61"],"_links":{"self":[{"href":"https:\/\/mnbruchepiemont.org\/index.php?rest_route=\/wp\/v2\/posts\/2464","targetHints":{"allow":["GET"]}}],"collection":[{"href":"https:\/\/mnbruchepiemont.org\/index.php?rest_route=\/wp\/v2\/posts"}],"about":[{"href":"https:\/\/mnbruchepiemont.org\/index.php?rest_route=\/wp\/v2\/types\/post"}],"author":[{"embeddable":true,"href":"https:\/\/mnbruchepiemont.org\/index.php?rest_route=\/wp\/v2\/users\/8"}],"replies":[{"embeddable":true,"href":"https:\/\/mnbruchepiemont.org\/index.php?rest_route=%2Fwp%2Fv2%2Fcomments&post=2464"}],"version-history":[{"count":5,"href":"https:\/\/mnbruchepiemont.org\/index.php?rest_route=\/wp\/v2\/posts\/2464\/revisions"}],"predecessor-version":[{"id":2781,"href":"https:\/\/mnbruchepiemont.org\/index.php?rest_route=\/wp\/v2\/posts\/2464\/revisions\/2781"}],"wp:attachment":[{"href":"https:\/\/mnbruchepiemont.org\/index.php?rest_route=%2Fwp%2Fv2%2Fmedia&parent=2464"}],"wp:term":[{"taxonomy":"category","embeddable":true,"href":"https:\/\/mnbruchepiemont.org\/index.php?rest_route=%2Fwp%2Fv2%2Fcategories&post=2464"},{"taxonomy":"post_tag","embeddable":true,"href":"https:\/\/mnbruchepiemont.org\/index.php?rest_route=%2Fwp%2Fv2%2Ftags&post=2464"}],"curies":[{"name":"wp","href":"https:\/\/api.w.org\/{rel}","templated":true}]}}