{"id":2415,"date":"2017-08-26T10:54:17","date_gmt":"2017-08-26T08:54:17","guid":{"rendered":"http:\/\/mnbruchepiemont.org\/?p=2415"},"modified":"2017-06-22T15:35:57","modified_gmt":"2017-06-22T13:35:57","slug":"reflets-de-la-bruche-dimanche-3-septembre-2017","status":"publish","type":"post","link":"https:\/\/mnbruchepiemont.org\/?p=2415","title":{"rendered":"Reflets de la Bruche\u00a0Dimanche 3 septembre 2017"},"content":{"rendered":"<p>10h-16h<br \/>\nrdv devant le camping de Molsheim<\/p>\n<p>Une petite balade photographique le long de la Bruche de Molsheim \u00e0 Avolsheim.<br \/>\nAu menu: d\u00e9couvertes naturalistes, s\u00e9ances de prises de vue au fil de l&#8217;eau et pique-nique au site du Dompeter.<br \/>\nNous \u00e9changerons nos clich\u00e9s \u00e0 l&#8217;issue de la sortie,<br \/>\nles plus marquants seront mis en ligne<br \/>\nsur le site de la Maison de la Nature.<br \/>\nPr\u00e9voir bonnes chaussures, appareil photo, pique-nique et habits en fonction de la m\u00e9t\u00e9o.<\/p>\n<p>Gratuit, r\u00e9servation obligataire au 06 71 47 70 54<\/p>\n","protected":false},"excerpt":{"rendered":"<p>10h-16h rdv devant le camping de Molsheim Une petite balade photographique le long de la Bruche de Molsheim \u00e0 Avolsheim. Au menu: d\u00e9couvertes naturalistes, s\u00e9ances de prises de vue au fil de l&#8217;eau et pique-nique au site du Dompeter. Nous &hellip; <a href=\"https:\/\/mnbruchepiemont.org\/?p=2415\">Continuer la lecture <span class=\"meta-nav\">&rarr;<\/span><\/a><\/p>\n","protected":false},"author":8,"featured_media":0,"comment_status":"closed","ping_status":"closed","sticky":false,"template":"","format":"standard","meta":{"footnotes":""},"categories":[32,41],"tags":[53],"class_list":["post-2415","post","type-post","status-publish","format-standard","hentry","category-photographes-de-nature","category-sortie-week-end","tag-53"],"_links":{"self":[{"href":"https:\/\/mnbruchepiemont.org\/index.php?rest_route=\/wp\/v2\/posts\/2415","targetHints":{"allow":["GET"]}}],"collection":[{"href":"https:\/\/mnbruchepiemont.org\/index.php?rest_route=\/wp\/v2\/posts"}],"about":[{"href":"https:\/\/mnbruchepiemont.org\/index.php?rest_route=\/wp\/v2\/types\/post"}],"author":[{"embeddable":true,"href":"https:\/\/mnbruchepiemont.org\/index.php?rest_route=\/wp\/v2\/users\/8"}],"replies":[{"embeddable":true,"href":"https:\/\/mnbruchepiemont.org\/index.php?rest_route=%2Fwp%2Fv2%2Fcomments&post=2415"}],"version-history":[{"count":1,"href":"https:\/\/mnbruchepiemont.org\/index.php?rest_route=\/wp\/v2\/posts\/2415\/revisions"}],"predecessor-version":[{"id":2416,"href":"https:\/\/mnbruchepiemont.org\/index.php?rest_route=\/wp\/v2\/posts\/2415\/revisions\/2416"}],"wp:attachment":[{"href":"https:\/\/mnbruchepiemont.org\/index.php?rest_route=%2Fwp%2Fv2%2Fmedia&parent=2415"}],"wp:term":[{"taxonomy":"category","embeddable":true,"href":"https:\/\/mnbruchepiemont.org\/index.php?rest_route=%2Fwp%2Fv2%2Fcategories&post=2415"},{"taxonomy":"post_tag","embeddable":true,"href":"https:\/\/mnbruchepiemont.org\/index.php?rest_route=%2Fwp%2Fv2%2Ftags&post=2415"}],"curies":[{"name":"wp","href":"https:\/\/api.w.org\/{rel}","templated":true}]}}