{"id":2371,"date":"2017-05-12T16:49:08","date_gmt":"2017-05-12T14:49:08","guid":{"rendered":"http:\/\/mnbruchepiemont.org\/?p=2371"},"modified":"2017-05-12T14:39:36","modified_gmt":"2017-05-12T12:39:36","slug":"inauguration-du-verger-ecole-conference-permaculture-samedi-20-mai-2017","status":"publish","type":"post","link":"https:\/\/mnbruchepiemont.org\/?p=2371","title":{"rendered":"Inauguration du verger-\u00e9cole, conf\u00e9rence Permaculture Samedi 20 mai 2017"},"content":{"rendered":"<p>14-23h Salle de f\u00eates de Gresswiller<\/p>\n<p>&#8211; 14h00-15h15\u00a0: visite du verger-\u00e9cole<br \/>\n&#8211; 15h30-17h30\u00a0: Conf\u00e9rence \u00ab\u00a0La permaculture, levier simple<br \/>\npour une transition plus douce accessible \u00e0 tous\u00a0\u00bb par Mme Montaigu-Lanccelin.<br \/>\n&#8211; 18h00\u00a0: inauguration officielle suivie d\u2019un repas (r\u00e9servation le 17 au plus tard).<br \/>\nOuvert \u00e0 tous.<\/p>\n<p><a href=\"http:\/\/arbo-gresswiller.weebly.com\/\" target=\"_blank\" rel=\"noopener noreferrer\">Site de l&#8217;association<\/a><\/p>\n<p>Renseignements: 0388501588 ou <a href=\"https:\/\/www.terretsoi.fr\" target=\"_blank\" rel=\"noopener noreferrer\">https:\/\/www.terretsoi.fr<\/a><\/p>\n","protected":false},"excerpt":{"rendered":"<p>14-23h Salle de f\u00eates de Gresswiller &#8211; 14h00-15h15\u00a0: visite du verger-\u00e9cole &#8211; 15h30-17h30\u00a0: Conf\u00e9rence \u00ab\u00a0La permaculture, levier simple pour une transition plus douce accessible \u00e0 tous\u00a0\u00bb par Mme Montaigu-Lanccelin. &#8211; 18h00\u00a0: inauguration officielle suivie d\u2019un repas (r\u00e9servation le 17 au &hellip; <a href=\"https:\/\/mnbruchepiemont.org\/?p=2371\">Continuer la lecture <span class=\"meta-nav\">&rarr;<\/span><\/a><\/p>\n","protected":false},"author":8,"featured_media":0,"comment_status":"closed","ping_status":"closed","sticky":false,"template":"","format":"standard","meta":{"footnotes":""},"categories":[41],"tags":[56],"class_list":["post-2371","post","type-post","status-publish","format-standard","hentry","category-sortie-week-end","tag-56"],"_links":{"self":[{"href":"https:\/\/mnbruchepiemont.org\/index.php?rest_route=\/wp\/v2\/posts\/2371","targetHints":{"allow":["GET"]}}],"collection":[{"href":"https:\/\/mnbruchepiemont.org\/index.php?rest_route=\/wp\/v2\/posts"}],"about":[{"href":"https:\/\/mnbruchepiemont.org\/index.php?rest_route=\/wp\/v2\/types\/post"}],"author":[{"embeddable":true,"href":"https:\/\/mnbruchepiemont.org\/index.php?rest_route=\/wp\/v2\/users\/8"}],"replies":[{"embeddable":true,"href":"https:\/\/mnbruchepiemont.org\/index.php?rest_route=%2Fwp%2Fv2%2Fcomments&post=2371"}],"version-history":[{"count":7,"href":"https:\/\/mnbruchepiemont.org\/index.php?rest_route=\/wp\/v2\/posts\/2371\/revisions"}],"predecessor-version":[{"id":2701,"href":"https:\/\/mnbruchepiemont.org\/index.php?rest_route=\/wp\/v2\/posts\/2371\/revisions\/2701"}],"wp:attachment":[{"href":"https:\/\/mnbruchepiemont.org\/index.php?rest_route=%2Fwp%2Fv2%2Fmedia&parent=2371"}],"wp:term":[{"taxonomy":"category","embeddable":true,"href":"https:\/\/mnbruchepiemont.org\/index.php?rest_route=%2Fwp%2Fv2%2Fcategories&post=2371"},{"taxonomy":"post_tag","embeddable":true,"href":"https:\/\/mnbruchepiemont.org\/index.php?rest_route=%2Fwp%2Fv2%2Ftags&post=2371"}],"curies":[{"name":"wp","href":"https:\/\/api.w.org\/{rel}","templated":true}]}}