{"id":2283,"date":"2017-02-16T16:51:17","date_gmt":"2017-02-16T15:51:17","guid":{"rendered":"http:\/\/mnbruchepiemont.org\/?p=2283"},"modified":"2017-03-20T18:42:42","modified_gmt":"2017-03-20T17:42:42","slug":"journee-dinitiation-a-lart-de-larboriculture-samedi-4-mars-2017","status":"publish","type":"post","link":"https:\/\/mnbruchepiemont.org\/?p=2283","title":{"rendered":"Journ\u00e9e d\u2019initiation \u00e0 l\u2019art de l\u2019arboriculture Samedi 4 mars 2017"},"content":{"rendered":"<p>L\u2019association des Producteurs de fruits de Gresswiller d\u2019initiation \u00e0 l\u2019art de l\u2019arboriculture. personne d\u00e9sireuse d\u2019apprendre les gestes \u00e9l\u00e9mentaire belle production fruiti\u00e8re. En effet l\u2019arbre est un \u00eatre vivant qui a ses besoins et son caract\u00e8re; en les respectant nous pouvons obtenir beaucoup.<\/p>\n<p>Cette journ\u00e9e est organis\u00e9e en deux temps s\u00e9par\u00e9s par une pause Matin : 8h30 &#8211; 11h30 (formation th\u00e9orique en salle)<\/p>\n<p>\u2022 Le v\u00e9g\u00e9tal : un \u00eatre vivant qui a des besoins.<\/p>\n<p>\u2022 Choisir son arbre en fonction du sol, du climat et de la vigueur souhait\u00e9e. \u2022 Comment planter un arbre.<br \/>\n\u2022 Les principes de base de la taille des fruitiers. \u2022 La taille de formation \u2022 La taille de fructification<br \/>\n\u2022 La taille d&#8217;entretien<br \/>\n\u2022 Protection et soin aux v\u00e9g\u00e9taux<\/p>\n<p>Le prix de la journ\u00e9e est fix\u00e9 \u00e0 25\u20ac par personne et comprend les frais de formation, la documentation, le repas de midi et les collations. Le nombre de place est limit\u00e9 \u00e0 20.<\/p>\n<p>Moniteur arboricole Christian FRIEDRICH.<\/p>\n<p>Pour toute question n&#8217;h\u00e9sitez pas \u00e0 contacter Christian FRIEDRICH, Pr\u00e9sident,<\/p>\n<p>au 06 06 88 99 63. <a href=\"https:\/\/mnbruchepiemont.org\/?attachment_id=2286\" rel=\"attachment wp-att-2286\">formulaire Inscription formation<\/a><\/p>\n","protected":false},"excerpt":{"rendered":"<p>L\u2019association des Producteurs de fruits de Gresswiller d\u2019initiation \u00e0 l\u2019art de l\u2019arboriculture. personne d\u00e9sireuse d\u2019apprendre les gestes \u00e9l\u00e9mentaire belle production fruiti\u00e8re. En effet l\u2019arbre est un \u00eatre vivant qui a ses besoins et son caract\u00e8re; en les respectant nous pouvons &hellip; <a href=\"https:\/\/mnbruchepiemont.org\/?p=2283\">Continuer la lecture <span class=\"meta-nav\">&rarr;<\/span><\/a><\/p>\n","protected":false},"author":8,"featured_media":0,"comment_status":"closed","ping_status":"closed","sticky":false,"template":"","format":"standard","meta":{"footnotes":""},"categories":[25,41],"tags":[64],"class_list":["post-2283","post","type-post","status-publish","format-standard","hentry","category-les-activites","category-sortie-week-end","tag-64"],"_links":{"self":[{"href":"https:\/\/mnbruchepiemont.org\/index.php?rest_route=\/wp\/v2\/posts\/2283","targetHints":{"allow":["GET"]}}],"collection":[{"href":"https:\/\/mnbruchepiemont.org\/index.php?rest_route=\/wp\/v2\/posts"}],"about":[{"href":"https:\/\/mnbruchepiemont.org\/index.php?rest_route=\/wp\/v2\/types\/post"}],"author":[{"embeddable":true,"href":"https:\/\/mnbruchepiemont.org\/index.php?rest_route=\/wp\/v2\/users\/8"}],"replies":[{"embeddable":true,"href":"https:\/\/mnbruchepiemont.org\/index.php?rest_route=%2Fwp%2Fv2%2Fcomments&post=2283"}],"version-history":[{"count":4,"href":"https:\/\/mnbruchepiemont.org\/index.php?rest_route=\/wp\/v2\/posts\/2283\/revisions"}],"predecessor-version":[{"id":2288,"href":"https:\/\/mnbruchepiemont.org\/index.php?rest_route=\/wp\/v2\/posts\/2283\/revisions\/2288"}],"wp:attachment":[{"href":"https:\/\/mnbruchepiemont.org\/index.php?rest_route=%2Fwp%2Fv2%2Fmedia&parent=2283"}],"wp:term":[{"taxonomy":"category","embeddable":true,"href":"https:\/\/mnbruchepiemont.org\/index.php?rest_route=%2Fwp%2Fv2%2Fcategories&post=2283"},{"taxonomy":"post_tag","embeddable":true,"href":"https:\/\/mnbruchepiemont.org\/index.php?rest_route=%2Fwp%2Fv2%2Ftags&post=2283"}],"curies":[{"name":"wp","href":"https:\/\/api.w.org\/{rel}","templated":true}]}}