{"id":2101,"date":"2016-07-24T02:00:38","date_gmt":"2016-07-24T00:00:38","guid":{"rendered":"http:\/\/mnbruchepiemont.org\/?p=2101"},"modified":"2017-03-25T12:02:38","modified_gmt":"2017-03-25T11:02:38","slug":"le-tour-du-climont-et-la-montee-a-la-tour-dimanche-31-juillet-2016","status":"publish","type":"post","link":"https:\/\/mnbruchepiemont.org\/?p=2101","title":{"rendered":"Le tour du Climont et la mont\u00e9e \u00e0 la Tour dimanche 31 juillet 2016"},"content":{"rendered":"<p><a href=\"https:\/\/mnbruchepiemont.org\/?attachment_id=2105\" rel=\"attachment wp-att-2105\"><img loading=\"lazy\" decoding=\"async\" class=\"size-medium wp-image-2105 alignleft\" src=\"https:\/\/mnbruchepiemont.org\/WORDPRESS\/wp-content\/uploads\/Tour_Climont-154x300.jpg\" alt=\"Tour_Climont\" width=\"154\" height=\"300\" srcset=\"https:\/\/mnbruchepiemont.org\/WORDPRESS\/wp-content\/uploads\/Tour_Climont-154x300.jpg 154w, https:\/\/mnbruchepiemont.org\/WORDPRESS\/wp-content\/uploads\/Tour_Climont.jpg 225w\" sizes=\"auto, (max-width: 154px) 100vw, 154px\" \/><\/a>Deux randonn\u00e9es avec la\u00a0possibilit\u00e9 d\u2019enchainer les deux.<\/p>\n<p>rdv col de Steige devant l\u2019\u00e9tang \u00e0 9h et\u00a0\u00e0 12h.<\/p>\n<ul>\n<li>9h d\u00e9part pour le tour du Climont<\/li>\n<li>12h d\u00e9part pour la mont\u00e9e de la tour<\/li>\n<\/ul>\n<p>Pr\u00e9voir de bonnes chaussures de marche,\u00a0repas tir\u00e9 du sac.<\/p>\n<p>Guides : (matin) Thierry Rebmann, (apr\u00e8s midi) B.D. Magar<\/p>\n<p>Organis\u00e9e par Bruche Environnement<\/p>\n<p><a href=\"http:\/\/www.bruchenvironnement.org\/Site_bruche_Environnement\/Index.html\" target=\"_blank\">Site de Bruche Environnement<\/a><\/p>\n","protected":false},"excerpt":{"rendered":"<p>Deux randonn\u00e9es avec la\u00a0possibilit\u00e9 d\u2019enchainer les deux. rdv col de Steige devant l\u2019\u00e9tang \u00e0 9h et\u00a0\u00e0 12h. 9h d\u00e9part pour le tour du Climont 12h d\u00e9part pour la mont\u00e9e de la tour Pr\u00e9voir de bonnes chaussures de marche,\u00a0repas tir\u00e9 du &hellip; <a href=\"https:\/\/mnbruchepiemont.org\/?p=2101\">Continuer la lecture <span class=\"meta-nav\">&rarr;<\/span><\/a><\/p>\n","protected":false},"author":8,"featured_media":0,"comment_status":"closed","ping_status":"closed","sticky":false,"template":"","format":"standard","meta":{"footnotes":""},"categories":[25,41],"tags":[70],"class_list":["post-2101","post","type-post","status-publish","format-standard","hentry","category-les-activites","category-sortie-week-end","tag-70"],"_links":{"self":[{"href":"https:\/\/mnbruchepiemont.org\/index.php?rest_route=\/wp\/v2\/posts\/2101","targetHints":{"allow":["GET"]}}],"collection":[{"href":"https:\/\/mnbruchepiemont.org\/index.php?rest_route=\/wp\/v2\/posts"}],"about":[{"href":"https:\/\/mnbruchepiemont.org\/index.php?rest_route=\/wp\/v2\/types\/post"}],"author":[{"embeddable":true,"href":"https:\/\/mnbruchepiemont.org\/index.php?rest_route=\/wp\/v2\/users\/8"}],"replies":[{"embeddable":true,"href":"https:\/\/mnbruchepiemont.org\/index.php?rest_route=%2Fwp%2Fv2%2Fcomments&post=2101"}],"version-history":[{"count":4,"href":"https:\/\/mnbruchepiemont.org\/index.php?rest_route=\/wp\/v2\/posts\/2101\/revisions"}],"predecessor-version":[{"id":2104,"href":"https:\/\/mnbruchepiemont.org\/index.php?rest_route=\/wp\/v2\/posts\/2101\/revisions\/2104"}],"wp:attachment":[{"href":"https:\/\/mnbruchepiemont.org\/index.php?rest_route=%2Fwp%2Fv2%2Fmedia&parent=2101"}],"wp:term":[{"taxonomy":"category","embeddable":true,"href":"https:\/\/mnbruchepiemont.org\/index.php?rest_route=%2Fwp%2Fv2%2Fcategories&post=2101"},{"taxonomy":"post_tag","embeddable":true,"href":"https:\/\/mnbruchepiemont.org\/index.php?rest_route=%2Fwp%2Fv2%2Ftags&post=2101"}],"curies":[{"name":"wp","href":"https:\/\/api.w.org\/{rel}","templated":true}]}}