{"id":2007,"date":"2016-05-16T16:17:42","date_gmt":"2016-05-16T14:17:42","guid":{"rendered":"http:\/\/mnbruchepiemont.org\/?p=2007"},"modified":"2017-03-25T12:04:46","modified_gmt":"2017-03-25T11:04:46","slug":"decouverte-des-gres-du-rocher-de-mutzig-et-de-la-porte-de-pierre-dimanche-22-mai-2016","status":"publish","type":"post","link":"https:\/\/mnbruchepiemont.org\/?p=2007","title":{"rendered":"D\u00e9couverte des gr\u00e8s du Rocher de Mutzig et de la Porte de Pierre &#8211; Dimanche 22 mai 2016"},"content":{"rendered":"<p><a href=\"https:\/\/mnbruchepiemont.org\/?attachment_id=2009\" rel=\"attachment wp-att-2009\"><img loading=\"lazy\" decoding=\"async\" class=\"size-medium wp-image-2009 alignright\" src=\"https:\/\/mnbruchepiemont.org\/WORDPRESS\/wp-content\/uploads\/Porte_de_Pierre-300x225.jpg\" alt=\"Porte_de_Pierre\" width=\"300\" height=\"225\" srcset=\"https:\/\/mnbruchepiemont.org\/WORDPRESS\/wp-content\/uploads\/Porte_de_Pierre-300x225.jpg 300w, https:\/\/mnbruchepiemont.org\/WORDPRESS\/wp-content\/uploads\/Porte_de_Pierre-768x576.jpg 768w, https:\/\/mnbruchepiemont.org\/WORDPRESS\/wp-content\/uploads\/Porte_de_Pierre-1024x768.jpg 1024w, https:\/\/mnbruchepiemont.org\/WORDPRESS\/wp-content\/uploads\/Porte_de_Pierre-400x300.jpg 400w, https:\/\/mnbruchepiemont.org\/WORDPRESS\/wp-content\/uploads\/Porte_de_Pierre.jpg 1280w\" sizes=\"auto, (max-width: 300px) 100vw, 300px\" \/><\/a>Les th\u00e8mes de la randonn\u00e9e en \u201cbalcons\u201d permettront une<br \/>\ninitiation \u00e0 la lecture et interpr\u00e9tation des paysages.<br \/>\nGuides : Thierry Rebmann, Dr en g\u00e9ologie, Michel Seyer<br \/>\nPr\u00e9voir bonnes chaussures de marche, repas tir\u00e9 du sac.<\/p>\n<p>Organis\u00e9e par <a href=\"http:\/\/www.bruchenvironnement.org\/Site_bruche_Environnement\/Index.html\" target=\"_blank\">Bruche Environnement<\/a>.<\/p>\n<p>Sortie de 9h \u00e0 17h &#8211; RV Parking de la gare de Wisches<br \/>\nGratuit, sur r\u00e9servation au\u00a0<span style=\"line-height: 1.625;\">06 44 31 56 43<\/span><\/p>\n","protected":false},"excerpt":{"rendered":"<p>Les th\u00e8mes de la randonn\u00e9e en \u201cbalcons\u201d permettront une initiation \u00e0 la lecture et interpr\u00e9tation des paysages. Guides : Thierry Rebmann, Dr en g\u00e9ologie, Michel Seyer Pr\u00e9voir bonnes chaussures de marche, repas tir\u00e9 du sac. Organis\u00e9e par Bruche Environnement. Sortie &hellip; <a href=\"https:\/\/mnbruchepiemont.org\/?p=2007\">Continuer la lecture <span class=\"meta-nav\">&rarr;<\/span><\/a><\/p>\n","protected":false},"author":8,"featured_media":0,"comment_status":"closed","ping_status":"closed","sticky":false,"template":"","format":"standard","meta":{"footnotes":""},"categories":[25,41],"tags":[72],"class_list":["post-2007","post","type-post","status-publish","format-standard","hentry","category-les-activites","category-sortie-week-end","tag-72"],"_links":{"self":[{"href":"https:\/\/mnbruchepiemont.org\/index.php?rest_route=\/wp\/v2\/posts\/2007","targetHints":{"allow":["GET"]}}],"collection":[{"href":"https:\/\/mnbruchepiemont.org\/index.php?rest_route=\/wp\/v2\/posts"}],"about":[{"href":"https:\/\/mnbruchepiemont.org\/index.php?rest_route=\/wp\/v2\/types\/post"}],"author":[{"embeddable":true,"href":"https:\/\/mnbruchepiemont.org\/index.php?rest_route=\/wp\/v2\/users\/8"}],"replies":[{"embeddable":true,"href":"https:\/\/mnbruchepiemont.org\/index.php?rest_route=%2Fwp%2Fv2%2Fcomments&post=2007"}],"version-history":[{"count":5,"href":"https:\/\/mnbruchepiemont.org\/index.php?rest_route=\/wp\/v2\/posts\/2007\/revisions"}],"predecessor-version":[{"id":2013,"href":"https:\/\/mnbruchepiemont.org\/index.php?rest_route=\/wp\/v2\/posts\/2007\/revisions\/2013"}],"wp:attachment":[{"href":"https:\/\/mnbruchepiemont.org\/index.php?rest_route=%2Fwp%2Fv2%2Fmedia&parent=2007"}],"wp:term":[{"taxonomy":"category","embeddable":true,"href":"https:\/\/mnbruchepiemont.org\/index.php?rest_route=%2Fwp%2Fv2%2Fcategories&post=2007"},{"taxonomy":"post_tag","embeddable":true,"href":"https:\/\/mnbruchepiemont.org\/index.php?rest_route=%2Fwp%2Fv2%2Ftags&post=2007"}],"curies":[{"name":"wp","href":"https:\/\/api.w.org\/{rel}","templated":true}]}}