{"id":1989,"date":"2016-04-29T11:57:47","date_gmt":"2016-04-29T09:57:47","guid":{"rendered":"http:\/\/mnbruchepiemont.org\/?p=1989"},"modified":"2017-03-25T12:05:46","modified_gmt":"2017-03-25T11:05:46","slug":"balades-meditatives-7-et-8-mai-2016","status":"publish","type":"post","link":"https:\/\/mnbruchepiemont.org\/?p=1989","title":{"rendered":"Balades m\u00e9ditatives &#8211; 7 et 8 mai 2016"},"content":{"rendered":"<p><strong>Samedi 7 mai, balade cr\u00e9pusculaire en for\u00eat entre 20h et 22h<\/strong><\/p>\n<p>Promenade aux accents m\u00e9ditatifs pour d\u00e9couvrir le changement d\u2019ambiance qui<br \/>\naccompagne le passage du jour \u00e0 la nuit. Le groupe est volontairement limit\u00e9 \u00e0 6<br \/>\npersonnes (adultes) pour favoriser l\u2019int\u00e9riorisation et la rencontre avec la nature.<\/p>\n<p>Lieu de rendez-vous communiqu\u00e9 aux inscrits &#8211; t\u00e9l:\u00a0\u00a006 23 09 43 76.<\/p>\n<p><strong>Dimanche 8 mai, balade \u00e0 la rencontre des \u00e9l\u00e9ments et de ses sens de 9h \u00e0 13h30<\/strong><\/p>\n<p>Pour adultes et jeunes int\u00e9ress\u00e9s par l\u2019initiation \u00e0 la m\u00e9ditation et un \u201cautre\u201d type de<br \/>\nrencontre avec la nature. Matin\u00e9e avec proposition de pique-niquer ensemble le midi.<\/p>\n<p>Lieu de rendez-vous communiqu\u00e9 aux inscrits &#8211; t\u00e9l:\u00a0\u00a006 23 09 43 76..<\/p>\n<p>&nbsp;<\/p>\n","protected":false},"excerpt":{"rendered":"<p>Samedi 7 mai, balade cr\u00e9pusculaire en for\u00eat entre 20h et 22h Promenade aux accents m\u00e9ditatifs pour d\u00e9couvrir le changement d\u2019ambiance qui accompagne le passage du jour \u00e0 la nuit. Le groupe est volontairement limit\u00e9 \u00e0 6 personnes (adultes) pour favoriser &hellip; <a href=\"https:\/\/mnbruchepiemont.org\/?p=1989\">Continuer la lecture <span class=\"meta-nav\">&rarr;<\/span><\/a><\/p>\n","protected":false},"author":8,"featured_media":0,"comment_status":"closed","ping_status":"closed","sticky":false,"template":"","format":"standard","meta":{"footnotes":""},"categories":[41],"tags":[72],"class_list":["post-1989","post","type-post","status-publish","format-standard","hentry","category-sortie-week-end","tag-72"],"_links":{"self":[{"href":"https:\/\/mnbruchepiemont.org\/index.php?rest_route=\/wp\/v2\/posts\/1989","targetHints":{"allow":["GET"]}}],"collection":[{"href":"https:\/\/mnbruchepiemont.org\/index.php?rest_route=\/wp\/v2\/posts"}],"about":[{"href":"https:\/\/mnbruchepiemont.org\/index.php?rest_route=\/wp\/v2\/types\/post"}],"author":[{"embeddable":true,"href":"https:\/\/mnbruchepiemont.org\/index.php?rest_route=\/wp\/v2\/users\/8"}],"replies":[{"embeddable":true,"href":"https:\/\/mnbruchepiemont.org\/index.php?rest_route=%2Fwp%2Fv2%2Fcomments&post=1989"}],"version-history":[{"count":3,"href":"https:\/\/mnbruchepiemont.org\/index.php?rest_route=\/wp\/v2\/posts\/1989\/revisions"}],"predecessor-version":[{"id":1992,"href":"https:\/\/mnbruchepiemont.org\/index.php?rest_route=\/wp\/v2\/posts\/1989\/revisions\/1992"}],"wp:attachment":[{"href":"https:\/\/mnbruchepiemont.org\/index.php?rest_route=%2Fwp%2Fv2%2Fmedia&parent=1989"}],"wp:term":[{"taxonomy":"category","embeddable":true,"href":"https:\/\/mnbruchepiemont.org\/index.php?rest_route=%2Fwp%2Fv2%2Fcategories&post=1989"},{"taxonomy":"post_tag","embeddable":true,"href":"https:\/\/mnbruchepiemont.org\/index.php?rest_route=%2Fwp%2Fv2%2Ftags&post=1989"}],"curies":[{"name":"wp","href":"https:\/\/api.w.org\/{rel}","templated":true}]}}