{"id":1640,"date":"2015-09-18T14:52:16","date_gmt":"2015-09-18T12:52:16","guid":{"rendered":"http:\/\/mnbruchepiemont.org\/?p=1640"},"modified":"2017-03-25T12:09:44","modified_gmt":"2017-03-25T11:09:44","slug":"rando-yoga-au-guirbaden-dimanche-27-septembre","status":"publish","type":"post","link":"https:\/\/mnbruchepiemont.org\/?p=1640","title":{"rendered":"Rando Yoga au Guirbaden Dimanche 27 Septembre 2015"},"content":{"rendered":"<p><a href=\"https:\/\/mnbruchepiemont.org\/WORDPRESS\/wp-content\/uploads\/20021130_Guirbaden_121049AA.jpg\"><img loading=\"lazy\" decoding=\"async\" class=\" size-medium wp-image-1658 alignright\" src=\"https:\/\/mnbruchepiemont.org\/WORDPRESS\/wp-content\/uploads\/20021130_Guirbaden_121049AA-300x225.jpg\" alt=\"20021130_Guirbaden_121049AA\" width=\"300\" height=\"225\" srcset=\"https:\/\/mnbruchepiemont.org\/WORDPRESS\/wp-content\/uploads\/20021130_Guirbaden_121049AA-300x225.jpg 300w, https:\/\/mnbruchepiemont.org\/WORDPRESS\/wp-content\/uploads\/20021130_Guirbaden_121049AA-1024x768.jpg 1024w, https:\/\/mnbruchepiemont.org\/WORDPRESS\/wp-content\/uploads\/20021130_Guirbaden_121049AA-400x300.jpg 400w, https:\/\/mnbruchepiemont.org\/WORDPRESS\/wp-content\/uploads\/20021130_Guirbaden_121049AA.jpg 1600w\" sizes=\"auto, (max-width: 300px) 100vw, 300px\" \/><\/a>Partons en ballade \u00e0\u00a0la d\u00e9couverte du ch\u00e2teau du Guirbaden et laissons entrer la nature en nous au \u00a0fil des pauses yoga propos\u00e9es par Jo\u00eblle durant la balade. Un temps pour prendre soin de soi et se ressourcer au contact de Dame Nature.<\/p>\n<p>(bonnes chaussures conseill\u00e9es). <strong>T\u00e9l\u00e9phoner au 07 82 37 82 12 \u00a0pour r\u00e9servation.<\/strong><\/p>\n<p>Sortie organis\u00e9e par Yog&#8217;hasel.<\/p>\n<p>D\u00e9part du Floessplatz &#8211; horaire 10h \u00e0 17h<\/p>\n","protected":false},"excerpt":{"rendered":"<p>Partons en ballade \u00e0\u00a0la d\u00e9couverte du ch\u00e2teau du Guirbaden et laissons entrer la nature en nous au \u00a0fil des pauses yoga propos\u00e9es par Jo\u00eblle durant la balade. Un temps pour prendre soin de soi et se ressourcer au contact de &hellip; <a href=\"https:\/\/mnbruchepiemont.org\/?p=1640\">Continuer la lecture <span class=\"meta-nav\">&rarr;<\/span><\/a><\/p>\n","protected":false},"author":8,"featured_media":0,"comment_status":"closed","ping_status":"closed","sticky":false,"template":"","format":"standard","meta":{"footnotes":""},"categories":[25,41],"tags":[79],"class_list":["post-1640","post","type-post","status-publish","format-standard","hentry","category-les-activites","category-sortie-week-end","tag-79"],"_links":{"self":[{"href":"https:\/\/mnbruchepiemont.org\/index.php?rest_route=\/wp\/v2\/posts\/1640","targetHints":{"allow":["GET"]}}],"collection":[{"href":"https:\/\/mnbruchepiemont.org\/index.php?rest_route=\/wp\/v2\/posts"}],"about":[{"href":"https:\/\/mnbruchepiemont.org\/index.php?rest_route=\/wp\/v2\/types\/post"}],"author":[{"embeddable":true,"href":"https:\/\/mnbruchepiemont.org\/index.php?rest_route=\/wp\/v2\/users\/8"}],"replies":[{"embeddable":true,"href":"https:\/\/mnbruchepiemont.org\/index.php?rest_route=%2Fwp%2Fv2%2Fcomments&post=1640"}],"version-history":[{"count":5,"href":"https:\/\/mnbruchepiemont.org\/index.php?rest_route=\/wp\/v2\/posts\/1640\/revisions"}],"predecessor-version":[{"id":2636,"href":"https:\/\/mnbruchepiemont.org\/index.php?rest_route=\/wp\/v2\/posts\/1640\/revisions\/2636"}],"wp:attachment":[{"href":"https:\/\/mnbruchepiemont.org\/index.php?rest_route=%2Fwp%2Fv2%2Fmedia&parent=1640"}],"wp:term":[{"taxonomy":"category","embeddable":true,"href":"https:\/\/mnbruchepiemont.org\/index.php?rest_route=%2Fwp%2Fv2%2Fcategories&post=1640"},{"taxonomy":"post_tag","embeddable":true,"href":"https:\/\/mnbruchepiemont.org\/index.php?rest_route=%2Fwp%2Fv2%2Ftags&post=1640"}],"curies":[{"name":"wp","href":"https:\/\/api.w.org\/{rel}","templated":true}]}}