{"id":1573,"date":"2015-07-28T10:06:19","date_gmt":"2015-07-28T08:06:19","guid":{"rendered":"http:\/\/mnbruchepiemont.org\/?p=1573"},"modified":"2017-03-25T12:11:16","modified_gmt":"2017-03-25T11:11:16","slug":"decouverte-des-paysages-du-ban-de-la-roche-et-des-roches-vertes","status":"publish","type":"post","link":"https:\/\/mnbruchepiemont.org\/?p=1573","title":{"rendered":"D\u00e9couverte des paysages du Ban de la Roche et des roches vertes 28 Juillet 2015"},"content":{"rendered":"<p>Dimanche 16 Ao\u00fbt 2015 de 14h \u00e0 18h, d\u00e9part de Colroy La Roche,<\/p>\n<p><a href=\"http:\/\/www.bruchenvironnement.org\/Site_bruche_Environnement\/Index.html\" target=\"_blank\">Organis\u00e9e par Bruche Environnement.<\/a><\/p>\n<p>R\u00e9servation obligatoire au\u00a006 20 28 89 15<\/p>\n<p>Une Randonn\u00e9e foresti\u00e8re qui nous m\u00e8nera sur les chaumes de Bellefosse d\u2019ou nous aurons une jolie vue. Lecture du paysage et observation de la morphologie des versants en relation avec la pr\u00e9sence de glaciers s\u2019\u00e9tant d\u00e9velopp\u00e9s en ces lieux.<\/p>\n<p><a href=\"https:\/\/mnbruchepiemont.org\/WORDPRESS\/wp-content\/uploads\/Bellefosse-La-boucherie.jpg\"><img loading=\"lazy\" decoding=\"async\" class=\"alignnone size-medium wp-image-1565\" src=\"https:\/\/mnbruchepiemont.org\/WORDPRESS\/wp-content\/uploads\/Bellefosse-La-boucherie-300x133.jpg\" alt=\"Bellefosse La boucherie\" width=\"300\" height=\"133\" srcset=\"https:\/\/mnbruchepiemont.org\/WORDPRESS\/wp-content\/uploads\/Bellefosse-La-boucherie-300x133.jpg 300w, https:\/\/mnbruchepiemont.org\/WORDPRESS\/wp-content\/uploads\/Bellefosse-La-boucherie-1024x455.jpg 1024w, https:\/\/mnbruchepiemont.org\/WORDPRESS\/wp-content\/uploads\/Bellefosse-La-boucherie-500x222.jpg 500w\" sizes=\"auto, (max-width: 300px) 100vw, 300px\" \/><\/a><\/p>\n","protected":false},"excerpt":{"rendered":"<p>Dimanche 16 Ao\u00fbt 2015 de 14h \u00e0 18h, d\u00e9part de Colroy La Roche, Organis\u00e9e par Bruche Environnement. R\u00e9servation obligatoire au\u00a006 20 28 89 15 Une Randonn\u00e9e foresti\u00e8re qui nous m\u00e8nera sur les chaumes de Bellefosse d\u2019ou nous aurons une jolie &hellip; <a href=\"https:\/\/mnbruchepiemont.org\/?p=1573\">Continuer la lecture <span class=\"meta-nav\">&rarr;<\/span><\/a><\/p>\n","protected":false},"author":8,"featured_media":0,"comment_status":"closed","ping_status":"closed","sticky":false,"template":"","format":"standard","meta":{"footnotes":""},"categories":[25,41],"tags":[81],"class_list":["post-1573","post","type-post","status-publish","format-standard","hentry","category-les-activites","category-sortie-week-end","tag-81"],"_links":{"self":[{"href":"https:\/\/mnbruchepiemont.org\/index.php?rest_route=\/wp\/v2\/posts\/1573","targetHints":{"allow":["GET"]}}],"collection":[{"href":"https:\/\/mnbruchepiemont.org\/index.php?rest_route=\/wp\/v2\/posts"}],"about":[{"href":"https:\/\/mnbruchepiemont.org\/index.php?rest_route=\/wp\/v2\/types\/post"}],"author":[{"embeddable":true,"href":"https:\/\/mnbruchepiemont.org\/index.php?rest_route=\/wp\/v2\/users\/8"}],"replies":[{"embeddable":true,"href":"https:\/\/mnbruchepiemont.org\/index.php?rest_route=%2Fwp%2Fv2%2Fcomments&post=1573"}],"version-history":[{"count":4,"href":"https:\/\/mnbruchepiemont.org\/index.php?rest_route=\/wp\/v2\/posts\/1573\/revisions"}],"predecessor-version":[{"id":2614,"href":"https:\/\/mnbruchepiemont.org\/index.php?rest_route=\/wp\/v2\/posts\/1573\/revisions\/2614"}],"wp:attachment":[{"href":"https:\/\/mnbruchepiemont.org\/index.php?rest_route=%2Fwp%2Fv2%2Fmedia&parent=1573"}],"wp:term":[{"taxonomy":"category","embeddable":true,"href":"https:\/\/mnbruchepiemont.org\/index.php?rest_route=%2Fwp%2Fv2%2Fcategories&post=1573"},{"taxonomy":"post_tag","embeddable":true,"href":"https:\/\/mnbruchepiemont.org\/index.php?rest_route=%2Fwp%2Fv2%2Ftags&post=1573"}],"curies":[{"name":"wp","href":"https:\/\/api.w.org\/{rel}","templated":true}]}}