{"id":1548,"date":"2015-07-17T15:40:45","date_gmt":"2015-07-17T13:40:45","guid":{"rendered":"http:\/\/mnbruchepiemont.org\/?p=1548"},"modified":"2017-03-25T12:11:25","modified_gmt":"2017-03-25T11:11:25","slug":"le-champ-du-feu-etymologie-histoire-geologie-botanique","status":"publish","type":"post","link":"https:\/\/mnbruchepiemont.org\/?p=1548","title":{"rendered":"Le Champ du Feu: \u00e9tymologie, histoire, g\u00e9ologie, botanique 17 juillet 2015"},"content":{"rendered":"<p><a href=\"https:\/\/mnbruchepiemont.org\/WORDPRESS\/wp-content\/uploads\/champ-du-feu-_1.jpg\"><img loading=\"lazy\" decoding=\"async\" class=\" size-medium wp-image-1547 aligncenter\" src=\"https:\/\/mnbruchepiemont.org\/WORDPRESS\/wp-content\/uploads\/champ-du-feu-_1-300x95.jpg\" alt=\"champ du feu _1\" width=\"300\" height=\"95\" srcset=\"https:\/\/mnbruchepiemont.org\/WORDPRESS\/wp-content\/uploads\/champ-du-feu-_1-300x95.jpg 300w, https:\/\/mnbruchepiemont.org\/WORDPRESS\/wp-content\/uploads\/champ-du-feu-_1-1024x326.jpg 1024w, https:\/\/mnbruchepiemont.org\/WORDPRESS\/wp-content\/uploads\/champ-du-feu-_1-500x159.jpg 500w\" sizes=\"auto, (max-width: 300px) 100vw, 300px\" \/><\/a><\/p>\n<p style=\"text-align: center;\">Formation g\u00e9ologique du Champ du Feu, origine du nom,\u00a0occupation humaine et richesse des milieux (for\u00eat, chaumes, milieu humide), avec quelques esp\u00e8ces\u00a0embl\u00e9matiques (Lys Martagon, Orchid\u00e9es, Sceau-de-Salomon).<\/p>\n<p style=\"text-align: center;\"><strong>Dimanche 26 juillet 2015 de 14h \u00e0 17h.<\/strong><\/p>\n<p style=\"text-align: center;\"><a href=\"http:\/\/www.bruchenvironnement.org\/Site_bruche_Environnement\/Index.html\" target=\"_blank\">Organis\u00e9 par Bruche Environnement<\/a><\/p>\n<p style=\"text-align: center;\">R\u00e9servation obligatoire au\u00a006 41 47 63 29<\/p>\n<p><a href=\"https:\/\/mnbruchepiemont.org\/WORDPRESS\/wp-content\/uploads\/champ-du-feu_2.jpg\"><img loading=\"lazy\" decoding=\"async\" class=\" size-medium wp-image-1550 aligncenter\" src=\"https:\/\/mnbruchepiemont.org\/WORDPRESS\/wp-content\/uploads\/champ-du-feu_2-300x90.jpg\" alt=\"champ du feu_2\" width=\"300\" height=\"90\" srcset=\"https:\/\/mnbruchepiemont.org\/WORDPRESS\/wp-content\/uploads\/champ-du-feu_2-300x90.jpg 300w, https:\/\/mnbruchepiemont.org\/WORDPRESS\/wp-content\/uploads\/champ-du-feu_2-1024x307.jpg 1024w, https:\/\/mnbruchepiemont.org\/WORDPRESS\/wp-content\/uploads\/champ-du-feu_2-500x150.jpg 500w\" sizes=\"auto, (max-width: 300px) 100vw, 300px\" \/><\/a><\/p>\n","protected":false},"excerpt":{"rendered":"<p>Formation g\u00e9ologique du Champ du Feu, origine du nom,\u00a0occupation humaine et richesse des milieux (for\u00eat, chaumes, milieu humide), avec quelques esp\u00e8ces\u00a0embl\u00e9matiques (Lys Martagon, Orchid\u00e9es, Sceau-de-Salomon). Dimanche 26 juillet 2015 de 14h \u00e0 17h. Organis\u00e9 par Bruche Environnement R\u00e9servation obligatoire au\u00a006 &hellip; <a href=\"https:\/\/mnbruchepiemont.org\/?p=1548\">Continuer la lecture <span class=\"meta-nav\">&rarr;<\/span><\/a><\/p>\n","protected":false},"author":8,"featured_media":0,"comment_status":"closed","ping_status":"closed","sticky":false,"template":"","format":"standard","meta":{"footnotes":""},"categories":[25,41],"tags":[81],"class_list":["post-1548","post","type-post","status-publish","format-standard","hentry","category-les-activites","category-sortie-week-end","tag-81"],"_links":{"self":[{"href":"https:\/\/mnbruchepiemont.org\/index.php?rest_route=\/wp\/v2\/posts\/1548","targetHints":{"allow":["GET"]}}],"collection":[{"href":"https:\/\/mnbruchepiemont.org\/index.php?rest_route=\/wp\/v2\/posts"}],"about":[{"href":"https:\/\/mnbruchepiemont.org\/index.php?rest_route=\/wp\/v2\/types\/post"}],"author":[{"embeddable":true,"href":"https:\/\/mnbruchepiemont.org\/index.php?rest_route=\/wp\/v2\/users\/8"}],"replies":[{"embeddable":true,"href":"https:\/\/mnbruchepiemont.org\/index.php?rest_route=%2Fwp%2Fv2%2Fcomments&post=1548"}],"version-history":[{"count":13,"href":"https:\/\/mnbruchepiemont.org\/index.php?rest_route=\/wp\/v2\/posts\/1548\/revisions"}],"predecessor-version":[{"id":2615,"href":"https:\/\/mnbruchepiemont.org\/index.php?rest_route=\/wp\/v2\/posts\/1548\/revisions\/2615"}],"wp:attachment":[{"href":"https:\/\/mnbruchepiemont.org\/index.php?rest_route=%2Fwp%2Fv2%2Fmedia&parent=1548"}],"wp:term":[{"taxonomy":"category","embeddable":true,"href":"https:\/\/mnbruchepiemont.org\/index.php?rest_route=%2Fwp%2Fv2%2Fcategories&post=1548"},{"taxonomy":"post_tag","embeddable":true,"href":"https:\/\/mnbruchepiemont.org\/index.php?rest_route=%2Fwp%2Fv2%2Ftags&post=1548"}],"curies":[{"name":"wp","href":"https:\/\/api.w.org\/{rel}","templated":true}]}}