{"id":1493,"date":"2015-06-06T17:36:20","date_gmt":"2015-06-06T15:36:20","guid":{"rendered":"http:\/\/mnbruchepiemont.org\/?p=1493"},"modified":"2017-03-25T12:15:42","modified_gmt":"2017-03-25T11:15:42","slug":"le-vallon-de-la-hasel-origine-de-sa-foret-dimanche-14-juin","status":"publish","type":"post","link":"https:\/\/mnbruchepiemont.org\/?p=1493","title":{"rendered":"Le vallon de la Hasel &#8211; Origine de sa for\u00eat &#8211; Dimanche 14 juin 2015"},"content":{"rendered":"<p><a href=\"https:\/\/mnbruchepiemont.org\/WORDPRESS\/wp-content\/uploads\/Oberhaslach_vall\u00e9e-Hasel.jpg\"><img loading=\"lazy\" decoding=\"async\" class=\" size-medium wp-image-1496 alignleft\" src=\"https:\/\/mnbruchepiemont.org\/WORDPRESS\/wp-content\/uploads\/Oberhaslach_vall\u00e9e-Hasel-300x199.jpg\" alt=\"Oberhaslach_vall\u00e9e Hasel\" width=\"300\" height=\"199\" srcset=\"https:\/\/mnbruchepiemont.org\/WORDPRESS\/wp-content\/uploads\/Oberhaslach_vall\u00e9e-Hasel-300x199.jpg 300w, https:\/\/mnbruchepiemont.org\/WORDPRESS\/wp-content\/uploads\/Oberhaslach_vall\u00e9e-Hasel-1024x681.jpg 1024w, https:\/\/mnbruchepiemont.org\/WORDPRESS\/wp-content\/uploads\/Oberhaslach_vall\u00e9e-Hasel-451x300.jpg 451w, https:\/\/mnbruchepiemont.org\/WORDPRESS\/wp-content\/uploads\/Oberhaslach_vall\u00e9e-Hasel.jpg 1504w\" sizes=\"auto, (max-width: 300px) 100vw, 300px\" \/><\/a>A la d\u00e9couverte de l\u2019histoire et de l\u2019\u00e9volution de la for\u00eat au travers de vestiges de temps r\u00e9volus. Guide\u00a0 : Dominique Becker Aller + retour : 11 kms (pr\u00e9voir chaussures de marche + imper) \u2013 \u00e0 partir de 10 ans \u2013 retour vers 13 H.<\/p>\n<div class=\"ai1ec-contact-name p-name\">R\u00e9servation obligatoire au 06.76.84.34.53<\/div>\n","protected":false},"excerpt":{"rendered":"<p>A la d\u00e9couverte de l\u2019histoire et de l\u2019\u00e9volution de la for\u00eat au travers de vestiges de temps r\u00e9volus. Guide\u00a0 : Dominique Becker Aller + retour : 11 kms (pr\u00e9voir chaussures de marche + imper) \u2013 \u00e0 partir de 10 ans &hellip; <a href=\"https:\/\/mnbruchepiemont.org\/?p=1493\">Continuer la lecture <span class=\"meta-nav\">&rarr;<\/span><\/a><\/p>\n","protected":false},"author":8,"featured_media":0,"comment_status":"closed","ping_status":"closed","sticky":false,"template":"","format":"standard","meta":{"footnotes":""},"categories":[25,41],"tags":[82],"class_list":["post-1493","post","type-post","status-publish","format-standard","hentry","category-les-activites","category-sortie-week-end","tag-82"],"_links":{"self":[{"href":"https:\/\/mnbruchepiemont.org\/index.php?rest_route=\/wp\/v2\/posts\/1493","targetHints":{"allow":["GET"]}}],"collection":[{"href":"https:\/\/mnbruchepiemont.org\/index.php?rest_route=\/wp\/v2\/posts"}],"about":[{"href":"https:\/\/mnbruchepiemont.org\/index.php?rest_route=\/wp\/v2\/types\/post"}],"author":[{"embeddable":true,"href":"https:\/\/mnbruchepiemont.org\/index.php?rest_route=\/wp\/v2\/users\/8"}],"replies":[{"embeddable":true,"href":"https:\/\/mnbruchepiemont.org\/index.php?rest_route=%2Fwp%2Fv2%2Fcomments&post=1493"}],"version-history":[{"count":4,"href":"https:\/\/mnbruchepiemont.org\/index.php?rest_route=\/wp\/v2\/posts\/1493\/revisions"}],"predecessor-version":[{"id":2620,"href":"https:\/\/mnbruchepiemont.org\/index.php?rest_route=\/wp\/v2\/posts\/1493\/revisions\/2620"}],"wp:attachment":[{"href":"https:\/\/mnbruchepiemont.org\/index.php?rest_route=%2Fwp%2Fv2%2Fmedia&parent=1493"}],"wp:term":[{"taxonomy":"category","embeddable":true,"href":"https:\/\/mnbruchepiemont.org\/index.php?rest_route=%2Fwp%2Fv2%2Fcategories&post=1493"},{"taxonomy":"post_tag","embeddable":true,"href":"https:\/\/mnbruchepiemont.org\/index.php?rest_route=%2Fwp%2Fv2%2Ftags&post=1493"}],"curies":[{"name":"wp","href":"https:\/\/api.w.org\/{rel}","templated":true}]}}