{"id":1480,"date":"2015-05-31T22:44:18","date_gmt":"2015-05-31T20:44:18","guid":{"rendered":"http:\/\/mnbruchepiemont.org\/?p=1480"},"modified":"2017-03-25T12:16:05","modified_gmt":"2017-03-25T11:16:05","slug":"la-revanche-de-lortie-dimanche-7-juin","status":"publish","type":"post","link":"https:\/\/mnbruchepiemont.org\/?p=1480","title":{"rendered":"La revanche de l&#8217;ortie Dimanche 7 juin 2015"},"content":{"rendered":"<p><a href=\"https:\/\/mnbruchepiemont.org\/WORDPRESS\/wp-content\/uploads\/Ortie.jpg\"><img loading=\"lazy\" decoding=\"async\" class=\" size-medium wp-image-1482 alignleft\" src=\"https:\/\/mnbruchepiemont.org\/WORDPRESS\/wp-content\/uploads\/Ortie-300x192.jpg\" alt=\"Ortie\" width=\"300\" height=\"192\" srcset=\"https:\/\/mnbruchepiemont.org\/WORDPRESS\/wp-content\/uploads\/Ortie-300x192.jpg 300w, https:\/\/mnbruchepiemont.org\/WORDPRESS\/wp-content\/uploads\/Ortie-469x300.jpg 469w, https:\/\/mnbruchepiemont.org\/WORDPRESS\/wp-content\/uploads\/Ortie.jpg 569w\" sizes=\"auto, (max-width: 300px) 100vw, 300px\" \/><\/a>L&#8217;ortie, amie des jardiniers et de notre sant\u00e9, est d\u00e9licieuse en cuisine. Venez nous rejoindre pour d\u00e9couvrir ou red\u00e9couvrir les bienfaits et les saveurs de l\u2019ortie bien injustement mal aim\u00e9e.<\/p>\n<p><strong><span style=\"color: #ff0000;\">Journ\u00e9e annul\u00e9e pour raison de sant\u00e9, d\u00e9sol\u00e9&#8230; et bon r\u00e9tablissement pour\u00a0l\u2019int\u00e9ress\u00e9e.<\/span><\/strong><\/p>\n<p>&nbsp;<\/p>\n<p><del><strong>Dimanche 7 juin de 10h \u00e0 17h<\/strong><\/del><br \/>\n<del> <strong> 8\u20ac par personne repas compris<\/strong><\/del><\/p>\n<p style=\"text-align: left;\"><del><strong><span style=\"color: #000000;\">R\u00e9servation obligatoire au 06 71 47 70 54<\/span><\/strong><\/del><\/p>\n<p>&nbsp;<\/p>\n<p>&nbsp;<\/p>\n","protected":false},"excerpt":{"rendered":"<p>L&#8217;ortie, amie des jardiniers et de notre sant\u00e9, est d\u00e9licieuse en cuisine. Venez nous rejoindre pour d\u00e9couvrir ou red\u00e9couvrir les bienfaits et les saveurs de l\u2019ortie bien injustement mal aim\u00e9e. Journ\u00e9e annul\u00e9e pour raison de sant\u00e9, d\u00e9sol\u00e9&#8230; et bon r\u00e9tablissement &hellip; <a href=\"https:\/\/mnbruchepiemont.org\/?p=1480\">Continuer la lecture <span class=\"meta-nav\">&rarr;<\/span><\/a><\/p>\n","protected":false},"author":8,"featured_media":0,"comment_status":"closed","ping_status":"closed","sticky":false,"template":"","format":"standard","meta":{"footnotes":""},"categories":[25,41],"tags":[82],"class_list":["post-1480","post","type-post","status-publish","format-standard","hentry","category-les-activites","category-sortie-week-end","tag-82"],"_links":{"self":[{"href":"https:\/\/mnbruchepiemont.org\/index.php?rest_route=\/wp\/v2\/posts\/1480","targetHints":{"allow":["GET"]}}],"collection":[{"href":"https:\/\/mnbruchepiemont.org\/index.php?rest_route=\/wp\/v2\/posts"}],"about":[{"href":"https:\/\/mnbruchepiemont.org\/index.php?rest_route=\/wp\/v2\/types\/post"}],"author":[{"embeddable":true,"href":"https:\/\/mnbruchepiemont.org\/index.php?rest_route=\/wp\/v2\/users\/8"}],"replies":[{"embeddable":true,"href":"https:\/\/mnbruchepiemont.org\/index.php?rest_route=%2Fwp%2Fv2%2Fcomments&post=1480"}],"version-history":[{"count":9,"href":"https:\/\/mnbruchepiemont.org\/index.php?rest_route=\/wp\/v2\/posts\/1480\/revisions"}],"predecessor-version":[{"id":2623,"href":"https:\/\/mnbruchepiemont.org\/index.php?rest_route=\/wp\/v2\/posts\/1480\/revisions\/2623"}],"wp:attachment":[{"href":"https:\/\/mnbruchepiemont.org\/index.php?rest_route=%2Fwp%2Fv2%2Fmedia&parent=1480"}],"wp:term":[{"taxonomy":"category","embeddable":true,"href":"https:\/\/mnbruchepiemont.org\/index.php?rest_route=%2Fwp%2Fv2%2Fcategories&post=1480"},{"taxonomy":"post_tag","embeddable":true,"href":"https:\/\/mnbruchepiemont.org\/index.php?rest_route=%2Fwp%2Fv2%2Ftags&post=1480"}],"curies":[{"name":"wp","href":"https:\/\/api.w.org\/{rel}","templated":true}]}}