{"id":1095,"date":"2014-06-08T18:08:44","date_gmt":"2014-06-08T16:08:44","guid":{"rendered":"http:\/\/mnbruchepiemont.org\/?p=1095"},"modified":"2017-03-25T12:22:23","modified_gmt":"2017-03-25T11:22:23","slug":"sortie-au-jesselsberg-le-8-juin-2014","status":"publish","type":"post","link":"https:\/\/mnbruchepiemont.org\/?p=1095","title":{"rendered":"Sortie au Jesselsberg le 8 juin 2014"},"content":{"rendered":"<p>La sortie organis\u00e9e par l&#8217;association &#8220;amie&#8221; <a title=\"MVPV\" href=\"http:\/\/www.mvpv.fr\" target=\"_blank\">MVPV<\/a> (Molsheim Ville \u00e0 Pied et \u00e0 V\u00e9los) au Jesselsberg a \u00e9t\u00e9 &#8220;chaude&#8221;. Il faisait bon se reposer \u00e0 l&#8217;ombre et surtout aupr\u00e8s des sources et des fontaines&#8230; Le Jesselsberg se trouve sur la colline entre Molsheim et Soultz les bains. Vous trouverez une belle pr\u00e9sentation sur le site de <a title=\"Jesselsberg\" href=\"http:\/\/mairie.soultz-les-bains.pagesperso-orange.fr\/general\/jesselsberg\/jesselsberg.htm\" target=\"_blank\">Soultz-les-bains<\/a>. Cette promenade peut-\u00eatre faite facilement depuis le centre ville de Molsheim \u00e0 pied \u00e0 travers les vignes et les collines. C&#8217;est l&#8217;occasion d&#8217;aller jusqu&#8217;\u00e0 \u00a0Kaltelbrunne (la source froide) et Holzbrunnen (la fonta\u00eene en bois) au dessus de Soultz-les-bains.<\/p>\n<p><a href=\"https:\/\/mnbruchepiemont.org\/WORDPRESS\/wp-content\/uploads\/20140608-135734-Jesselsberg-r\u00e9duite.jpg\"><img loading=\"lazy\" decoding=\"async\" class=\"alignnone size-medium wp-image-1094\" src=\"https:\/\/mnbruchepiemont.org\/WORDPRESS\/wp-content\/uploads\/20140608-135734-Jesselsberg-r\u00e9duite-300x225.jpg\" alt=\"20140608-135734-Jesselsberg-r\u00e9duite\" width=\"300\" height=\"225\" srcset=\"https:\/\/mnbruchepiemont.org\/WORDPRESS\/wp-content\/uploads\/20140608-135734-Jesselsberg-r\u00e9duite-300x225.jpg 300w, https:\/\/mnbruchepiemont.org\/WORDPRESS\/wp-content\/uploads\/20140608-135734-Jesselsberg-r\u00e9duite-400x300.jpg 400w, https:\/\/mnbruchepiemont.org\/WORDPRESS\/wp-content\/uploads\/20140608-135734-Jesselsberg-r\u00e9duite.jpg 455w\" sizes=\"auto, (max-width: 300px) 100vw, 300px\" \/><\/a><\/p>\n","protected":false},"excerpt":{"rendered":"<p>La sortie organis\u00e9e par l&#8217;association &#8220;amie&#8221; MVPV (Molsheim Ville \u00e0 Pied et \u00e0 V\u00e9los) au Jesselsberg a \u00e9t\u00e9 &#8220;chaude&#8221;. Il faisait bon se reposer \u00e0 l&#8217;ombre et surtout aupr\u00e8s des sources et des fontaines&#8230; Le Jesselsberg se trouve sur la &hellip; <a href=\"https:\/\/mnbruchepiemont.org\/?p=1095\">Continuer la lecture <span class=\"meta-nav\">&rarr;<\/span><\/a><\/p>\n","protected":false},"author":8,"featured_media":0,"comment_status":"closed","ping_status":"closed","sticky":false,"template":"","format":"standard","meta":{"footnotes":""},"categories":[41],"tags":[91],"class_list":["post-1095","post","type-post","status-publish","format-standard","hentry","category-sortie-week-end","tag-91"],"_links":{"self":[{"href":"https:\/\/mnbruchepiemont.org\/index.php?rest_route=\/wp\/v2\/posts\/1095","targetHints":{"allow":["GET"]}}],"collection":[{"href":"https:\/\/mnbruchepiemont.org\/index.php?rest_route=\/wp\/v2\/posts"}],"about":[{"href":"https:\/\/mnbruchepiemont.org\/index.php?rest_route=\/wp\/v2\/types\/post"}],"author":[{"embeddable":true,"href":"https:\/\/mnbruchepiemont.org\/index.php?rest_route=\/wp\/v2\/users\/8"}],"replies":[{"embeddable":true,"href":"https:\/\/mnbruchepiemont.org\/index.php?rest_route=%2Fwp%2Fv2%2Fcomments&post=1095"}],"version-history":[{"count":6,"href":"https:\/\/mnbruchepiemont.org\/index.php?rest_route=\/wp\/v2\/posts\/1095\/revisions"}],"predecessor-version":[{"id":1101,"href":"https:\/\/mnbruchepiemont.org\/index.php?rest_route=\/wp\/v2\/posts\/1095\/revisions\/1101"}],"wp:attachment":[{"href":"https:\/\/mnbruchepiemont.org\/index.php?rest_route=%2Fwp%2Fv2%2Fmedia&parent=1095"}],"wp:term":[{"taxonomy":"category","embeddable":true,"href":"https:\/\/mnbruchepiemont.org\/index.php?rest_route=%2Fwp%2Fv2%2Fcategories&post=1095"},{"taxonomy":"post_tag","embeddable":true,"href":"https:\/\/mnbruchepiemont.org\/index.php?rest_route=%2Fwp%2Fv2%2Ftags&post=1095"}],"curies":[{"name":"wp","href":"https:\/\/api.w.org\/{rel}","templated":true}]}}