{"id":1059,"date":"2015-01-28T16:29:16","date_gmt":"2015-01-28T15:29:16","guid":{"rendered":"http:\/\/mnbruchepiemont.org\/?p=1059"},"modified":"2017-03-25T12:19:52","modified_gmt":"2017-03-25T11:19:52","slug":"balade-a-croquer-28-mars-2015","status":"publish","type":"post","link":"https:\/\/mnbruchepiemont.org\/?p=1059","title":{"rendered":"Balade \u00e0 croquer Samedi 28 mars 2015"},"content":{"rendered":"<p><strong><span style=\"text-decoration: underline;\"><span style=\"color: #ff0000; text-decoration: underline;\">Plus de place disponible &#8211; inscriptions closes<\/span><\/span><\/strong><\/p>\n<p><span style=\"font-family: 'Liberation Serif', serif;\"><span style=\"font-size: large;\"><b>Dans le cadre de la <a title=\"SAP\" href=\"https:\/\/mnbruchepiemont.org\/?p=1066\" target=\"_blank\">Semaine pour les Alternatives aux Pesticides<\/a>,<\/b><\/span><\/span><\/p>\n<p><span style=\"font-family: 'Liberation Serif', serif;\"><span style=\"font-size: large;\"><b>Balade \u00e0 croquer, cueillette de plantes sauvages et petite cuisine champ\u00eatre.<\/b><\/span><\/span><\/p>\n<p><span style=\"font-family: 'Liberation Serif', serif;\">Atelier pour petits et grands\u00a0<\/span>anim\u00e9 par<\/p>\n<p><span style=\"font-family: 'Liberation Serif', serif;\">Marie\u2013Christine Matt,\u00a0<\/span>herboriste en herbe<\/p>\n<p>et la Maison de la Nature Bruche Pi\u00e9mont<\/p>\n<p><span style=\"font-family: 'Liberation Serif', serif;\">Samedi 28 mars 2015 de 14h00 \u00e0 18h00\u00a0<\/span><\/p>\n<p><span style=\"color: #000000;\"><span style=\"font-family: 'Liberation Serif', serif;\">sur inscription (places limit\u00e9es) au 06.76.84.34.53<\/span><\/span><\/p>\n<p><strong><span style=\"text-decoration: underline;\"><span style=\"color: #ff0000; text-decoration: underline;\">Plus de place disponible &#8211; inscriptions closes<\/span><\/span><\/strong><\/p>\n<p>Entr\u00e9e libre, adh\u00e9sion non obligatoire.<\/p>\n<p>(\u00a0rdv \u00e0 13h45 parking de l&#8217;\u00e9cole, 12 rue de la Paix \u00e0 Lutzelhouse\u00a0)<\/p>\n<p><span style=\"font-family: 'Liberation Serif', serif;\"><span style=\"text-decoration: underline;\">Th\u00e9matiques abord\u00e9es\u00a0:<\/span><\/span><\/p>\n<ul>\n<li><span style=\"font-family: 'Liberation Serif', serif;\">d\u00e9couvrir les herbes qui envahissent nos jardins<\/span><\/li>\n<li><span style=\"font-family: 'Liberation Serif', serif;\">s&#8217;\u00e9merveiller des choses simples \u2013 donner du sens \u00e0 nos balades champ\u00eatres<\/span><\/li>\n<li><span style=\"font-family: 'Liberation Serif', serif;\">rechercher, go\u00fbter des saveurs diff\u00e9rentes et nouvelles<\/span><\/li>\n<li><span style=\"font-family: 'Liberation Serif', serif;\">retrouver une ind\u00e9pendance alimentaire<\/span><\/li>\n<li><span style=\"font-family: 'Liberation Serif', serif;\">enrichir nos plats de vitamines et min\u00e9raux<\/span><\/li>\n<li><span style=\"font-family: 'Liberation Serif', serif;\">renouer avec nos racines\u00a0: la terre au naturel sans traitement<\/span><\/li>\n<\/ul>\n","protected":false},"excerpt":{"rendered":"<p>Plus de place disponible &#8211; inscriptions closes Dans le cadre de la Semaine pour les Alternatives aux Pesticides, Balade \u00e0 croquer, cueillette de plantes sauvages et petite cuisine champ\u00eatre. Atelier pour petits et grands\u00a0anim\u00e9 par Marie\u2013Christine Matt,\u00a0herboriste en herbe et &hellip; <a href=\"https:\/\/mnbruchepiemont.org\/?p=1059\">Continuer la lecture <span class=\"meta-nav\">&rarr;<\/span><\/a><\/p>\n","protected":false},"author":8,"featured_media":0,"comment_status":"closed","ping_status":"closed","sticky":false,"template":"","format":"standard","meta":{"footnotes":""},"categories":[29,25,42,41],"tags":[85],"class_list":["post-1059","post","type-post","status-publish","format-standard","hentry","category-club-nature-2013","category-les-activites","category-sap","category-sortie-week-end","tag-85"],"_links":{"self":[{"href":"https:\/\/mnbruchepiemont.org\/index.php?rest_route=\/wp\/v2\/posts\/1059","targetHints":{"allow":["GET"]}}],"collection":[{"href":"https:\/\/mnbruchepiemont.org\/index.php?rest_route=\/wp\/v2\/posts"}],"about":[{"href":"https:\/\/mnbruchepiemont.org\/index.php?rest_route=\/wp\/v2\/types\/post"}],"author":[{"embeddable":true,"href":"https:\/\/mnbruchepiemont.org\/index.php?rest_route=\/wp\/v2\/users\/8"}],"replies":[{"embeddable":true,"href":"https:\/\/mnbruchepiemont.org\/index.php?rest_route=%2Fwp%2Fv2%2Fcomments&post=1059"}],"version-history":[{"count":12,"href":"https:\/\/mnbruchepiemont.org\/index.php?rest_route=\/wp\/v2\/posts\/1059\/revisions"}],"predecessor-version":[{"id":2641,"href":"https:\/\/mnbruchepiemont.org\/index.php?rest_route=\/wp\/v2\/posts\/1059\/revisions\/2641"}],"wp:attachment":[{"href":"https:\/\/mnbruchepiemont.org\/index.php?rest_route=%2Fwp%2Fv2%2Fmedia&parent=1059"}],"wp:term":[{"taxonomy":"category","embeddable":true,"href":"https:\/\/mnbruchepiemont.org\/index.php?rest_route=%2Fwp%2Fv2%2Fcategories&post=1059"},{"taxonomy":"post_tag","embeddable":true,"href":"https:\/\/mnbruchepiemont.org\/index.php?rest_route=%2Fwp%2Fv2%2Ftags&post=1059"}],"curies":[{"name":"wp","href":"https:\/\/api.w.org\/{rel}","templated":true}]}}